{"id":10710,"date":"2025-05-11T02:37:26","date_gmt":"2025-05-11T05:37:26","guid":{"rendered":"https:\/\/palpite.net\/index.php\/2025\/05\/11\/felipe-a-gente-se-abalou-e-nao-conseguimos-mais-controlar-o-jogo\/"},"modified":"2025-05-11T02:37:26","modified_gmt":"2025-05-11T05:37:26","slug":"felipe-a-gente-se-abalou-e-nao-conseguimos-mais-controlar-o-jogo","status":"publish","type":"post","link":"https:\/\/palpite.net\/index.php\/2025\/05\/11\/felipe-a-gente-se-abalou-e-nao-conseguimos-mais-controlar-o-jogo\/","title":{"rendered":"Felipe: &#8216;A gente se abalou e n\u00e3o conseguimos mais controlar o jogo&#8217;"},"content":{"rendered":"<p><\/p>\n<div>\n<div>Com um a mais desde o fim da primeira etapa, o Vasco perdeu para o Vit\u00f3ria por 2 a 1de virada neste domingo, no Barrad\u00e3o, e chegou \u00e0 zona de rebaixamento do Brasileir\u00e3o. Esse foi o \u00faltimo ato de Felipe Maestro no comando t\u00e9cnico interino do clube, que ser\u00e1 dirigido por Fernando Diniz a partir deste domingo.<\/p>\n<p>Ap\u00f3s a dura derrota, Felipe concedeu entrevista coletiva e lamentou mais uma derrota no comando do Vasco. Esse foi o quarto jogo do treinador interino, que deixa o cargo sem nenhuma vit\u00f3ria. A equipe somou um empate e tr\u00eas derrotas consecutivas.\n<\/p>\n<p>\u2013 Resultado p\u00e9ssimo, em rela\u00e7\u00e3o a ficar com um jogador a mais desde o primeiro tempo e voc\u00ea n\u00e3o sair vencedor \u00e9 muito ruim. O jogo estava controlado e infelizmente em duas bolas paradas, principalmente no primeiro gol.\n<\/p>\n<p>\u2013 O jogo estava controlado mas ap\u00f3s a desaten\u00e7\u00e3o no gol de bola parada o Vit\u00f3ria cresceu no jogo e gente psic\u00f3loga, a gente se abalou e n\u00e3o conseguimos mais controlar o jogo, sofremos algumas transi\u00e7\u00f5es ofensivas . A parte mental realmente abalou bastante ap\u00f3s o gol de empate\n<\/p>\n<p>Fonte: ge<\/p>\n<\/div>\n<div class=\"sharedaddy sd-block sd-like jetpack-likes-widget-wrapper jetpack-likes-widget-unloaded\" id=\"like-post-wrapper-173292096-74674-682038996acf4\" data-src=\"https:\/\/widgets.wp.com\/likes\/?ver=14.6#blog_id=173292096&amp;post_id=74674&amp;origin=vasconet.com.br&amp;obj_id=173292096-74674-682038996acf4\" data-name=\"like-post-frame-173292096-74674-682038996acf4\" data-title=\"Curtir ou reblogar\">\n<h3 class=\"sd-title\">Curtir isso:<\/h3>\n<p><span class=\"button\"><span>Curtir<\/span><\/span> <span class=\"loading\">Carregando&#8230;<\/span><\/p>\n<p><span class=\"sd-text-color\"><\/span><\/div>\n<\/p>\n<h3 class=\"jp-relatedposts-headline\"><em>Relacionado<\/em><\/h3>\n<p><!-- CONTENT END 2 -->\n<\/div>\n<p><script async defer crossorigin=\"anonymous\" src=\"https:\/\/connect.facebook.net\/pt_BR\/sdk.js#xfbml=1&amp;version=v12.0&amp;appId=114327694422&amp;autoLogAppEvents=1\" nonce=\"4kp7RAsD\"><\/script><\/p>\n","protected":false},"excerpt":{"rendered":"<p>Com um a mais desde o fim da primeira etapa, o Vasco perdeu para o Vit\u00f3ria por 2 a 1de virada neste domingo, no Barrad\u00e3o, e chegou \u00e0 zona de rebaixamento do Brasileir\u00e3o. Esse foi o \u00faltimo ato de Felipe Maestro no comando t\u00e9cnico interino do clube, que ser\u00e1 dirigido por Fernando Diniz a partir &#8230; <a title=\"Felipe: &#8216;A gente se abalou e n\u00e3o conseguimos mais controlar o jogo&#8217;\" class=\"read-more\" href=\"https:\/\/palpite.net\/index.php\/2025\/05\/11\/felipe-a-gente-se-abalou-e-nao-conseguimos-mais-controlar-o-jogo\/\" aria-label=\"Read more about Felipe: &#8216;A gente se abalou e n\u00e3o conseguimos mais controlar o jogo&#8217;\">Ler mais<\/a><\/p>\n","protected":false},"author":1,"featured_media":0,"comment_status":"","ping_status":"open","sticky":false,"template":"","format":"standard","meta":{"footnotes":""},"categories":[1],"tags":[],"class_list":["post-10710","post","type-post","status-publish","format-standard","hentry","category-blog"],"aioseo_notices":[],"amp_enabled":true,"_links":{"self":[{"href":"https:\/\/palpite.net\/index.php\/wp-json\/wp\/v2\/posts\/10710","targetHints":{"allow":["GET"]}}],"collection":[{"href":"https:\/\/palpite.net\/index.php\/wp-json\/wp\/v2\/posts"}],"about":[{"href":"https:\/\/palpite.net\/index.php\/wp-json\/wp\/v2\/types\/post"}],"author":[{"embeddable":true,"href":"https:\/\/palpite.net\/index.php\/wp-json\/wp\/v2\/users\/1"}],"replies":[{"embeddable":true,"href":"https:\/\/palpite.net\/index.php\/wp-json\/wp\/v2\/comments?post=10710"}],"version-history":[{"count":0,"href":"https:\/\/palpite.net\/index.php\/wp-json\/wp\/v2\/posts\/10710\/revisions"}],"wp:attachment":[{"href":"https:\/\/palpite.net\/index.php\/wp-json\/wp\/v2\/media?parent=10710"}],"wp:term":[{"taxonomy":"category","embeddable":true,"href":"https:\/\/palpite.net\/index.php\/wp-json\/wp\/v2\/categories?post=10710"},{"taxonomy":"post_tag","embeddable":true,"href":"https:\/\/palpite.net\/index.php\/wp-json\/wp\/v2\/tags?post=10710"}],"curies":[{"name":"wp","href":"https:\/\/api.w.org\/{rel}","templated":true}]}}