{"id":11878,"date":"2025-06-06T07:01:20","date_gmt":"2025-06-06T10:01:20","guid":{"rendered":"https:\/\/palpite.net\/index.php\/2025\/06\/06\/futebol-7-pelas-quartas-da-taca-governador-vasco-enfrenta-o-brasileiragem-nesta-6a-as-21h30-em-curicica-com-youtube\/"},"modified":"2025-06-06T07:01:20","modified_gmt":"2025-06-06T10:01:20","slug":"futebol-7-pelas-quartas-da-taca-governador-vasco-enfrenta-o-brasileiragem-nesta-6a-as-21h30-em-curicica-com-youtube","status":"publish","type":"post","link":"https:\/\/palpite.net\/index.php\/2025\/06\/06\/futebol-7-pelas-quartas-da-taca-governador-vasco-enfrenta-o-brasileiragem-nesta-6a-as-21h30-em-curicica-com-youtube\/","title":{"rendered":"Futebol 7: Pelas quartas da Ta\u00e7a Governador, Vasco enfrenta o Brasileiragem nesta 6\u00aa \u00e0s 21h30 em Curicica com Youtube"},"content":{"rendered":"<p><\/p>\n<div>\n<div>\n<p>Futebol 7: Pelas quartas da Ta\u00e7a Governador, Vasco enfrenta o Brasileiragem nesta 6\u00aa \u00e0s 21h30 em Curicica com Youtube<\/p>\n<p>Sexta-feira, 06\/06\/2025  \u2013 06:08<\/p>\n<div class=\"corpo\">vascofutebol7<\/p>\n<p>#Vasco\ud83d\udca2<\/p>\n<p>.<\/p>\n<p>Na pr\u00f3xima sexta-feira (06), \u00e0s 21h30, enfrentaremos a equipe do Brasileiragem, na Arena RIo 10, em Curicica, em duelo v\u00e1lido pelas quartas de final da Ta\u00e7a Governador RJ.<\/p>\n<p>.<\/p>\n<p>Contamos com seu apoio, torcedor vasca\u00edno! A partida ter\u00e1 transmiss\u00e3o ao vivo, no Youtube: TNN Sports TV \ud83d\udcfa\u26bd\ufe0f<\/p>\n<p>.<\/p>\n<p>#CRVG #VascoDaGama #VascoFutebol7 #Fut7 #Tempora2025 #Ta\u00e7aGovernador #Futebol7Brasil #Vasco\n<\/p>\n<p>Fonte: Instagram Vasco Futebol 7<\/p>\n<\/div>\n<\/div>\n<p><!-- CONTENT END 2 -->\n<\/div>\n<p><script async defer crossorigin=\"anonymous\" src=\"https:\/\/connect.facebook.net\/pt_BR\/sdk.js#xfbml=1&amp;version=v12.0&amp;appId=114327694422&amp;autoLogAppEvents=1\" nonce=\"4kp7RAsD\"><\/script><\/p>\n","protected":false},"excerpt":{"rendered":"<p>Futebol 7: Pelas quartas da Ta\u00e7a Governador, Vasco enfrenta o Brasileiragem nesta 6\u00aa \u00e0s 21h30 em Curicica com Youtube Sexta-feira, 06\/06\/2025 \u2013 06:08 vascofutebol7 #Vasco\ud83d\udca2 . Na pr\u00f3xima sexta-feira (06), \u00e0s 21h30, enfrentaremos a equipe do Brasileiragem, na Arena RIo 10, em Curicica, em duelo v\u00e1lido pelas quartas de final da Ta\u00e7a Governador RJ. . &#8230; <a title=\"Futebol 7: Pelas quartas da Ta\u00e7a Governador, Vasco enfrenta o Brasileiragem nesta 6\u00aa \u00e0s 21h30 em Curicica com Youtube\" class=\"read-more\" href=\"https:\/\/palpite.net\/index.php\/2025\/06\/06\/futebol-7-pelas-quartas-da-taca-governador-vasco-enfrenta-o-brasileiragem-nesta-6a-as-21h30-em-curicica-com-youtube\/\" aria-label=\"Read more about Futebol 7: Pelas quartas da Ta\u00e7a Governador, Vasco enfrenta o Brasileiragem nesta 6\u00aa \u00e0s 21h30 em Curicica com Youtube\">Ler mais<\/a><\/p>\n","protected":false},"author":1,"featured_media":0,"comment_status":"","ping_status":"open","sticky":false,"template":"","format":"standard","meta":{"footnotes":""},"categories":[1],"tags":[],"class_list":["post-11878","post","type-post","status-publish","format-standard","hentry","category-blog"],"aioseo_notices":[],"amp_enabled":true,"_links":{"self":[{"href":"https:\/\/palpite.net\/index.php\/wp-json\/wp\/v2\/posts\/11878","targetHints":{"allow":["GET"]}}],"collection":[{"href":"https:\/\/palpite.net\/index.php\/wp-json\/wp\/v2\/posts"}],"about":[{"href":"https:\/\/palpite.net\/index.php\/wp-json\/wp\/v2\/types\/post"}],"author":[{"embeddable":true,"href":"https:\/\/palpite.net\/index.php\/wp-json\/wp\/v2\/users\/1"}],"replies":[{"embeddable":true,"href":"https:\/\/palpite.net\/index.php\/wp-json\/wp\/v2\/comments?post=11878"}],"version-history":[{"count":0,"href":"https:\/\/palpite.net\/index.php\/wp-json\/wp\/v2\/posts\/11878\/revisions"}],"wp:attachment":[{"href":"https:\/\/palpite.net\/index.php\/wp-json\/wp\/v2\/media?parent=11878"}],"wp:term":[{"taxonomy":"category","embeddable":true,"href":"https:\/\/palpite.net\/index.php\/wp-json\/wp\/v2\/categories?post=11878"},{"taxonomy":"post_tag","embeddable":true,"href":"https:\/\/palpite.net\/index.php\/wp-json\/wp\/v2\/tags?post=11878"}],"curies":[{"name":"wp","href":"https:\/\/api.w.org\/{rel}","templated":true}]}}