{"id":11915,"date":"2025-06-07T04:28:28","date_gmt":"2025-06-07T07:28:28","guid":{"rendered":"https:\/\/palpite.net\/index.php\/2025\/06\/07\/futsal-base-vasco-enfrenta-o-bradesco-seguros-pelos-cariocas-sub-15-e-sub-17-neste-sabado-a-partir-das-9h40-em-sao-januario\/"},"modified":"2025-06-07T04:28:28","modified_gmt":"2025-06-07T07:28:28","slug":"futsal-base-vasco-enfrenta-o-bradesco-seguros-pelos-cariocas-sub-15-e-sub-17-neste-sabado-a-partir-das-9h40-em-sao-januario","status":"publish","type":"post","link":"https:\/\/palpite.net\/index.php\/2025\/06\/07\/futsal-base-vasco-enfrenta-o-bradesco-seguros-pelos-cariocas-sub-15-e-sub-17-neste-sabado-a-partir-das-9h40-em-sao-januario\/","title":{"rendered":"Futsal Base: Vasco enfrenta o Bradesco Seguros pelos Cariocas Sub-15 e Sub-17 neste s\u00e1bado a partir das 9h40 em S\u00e3o Janu\u00e1rio"},"content":{"rendered":"<p><\/p>\n<div>\n<p>Futsal Base: Vasco enfrenta o Bradesco Seguros pelos Cariocas Sub-15 e Sub-17 neste s\u00e1bado a partir das 9h40 em S\u00e3o Janu\u00e1rio<\/p>\n<div>futsalvasco<\/p>\n<p>DIA DE VASCO BASE EM DOSE DUPLA! \ud83d\udca2\u26bd\ufe0f\ud83d\udd25\n<\/p>\n<p>Hoje (7), em S\u00e3o Janu\u00e1rio, o Gigante entra em quadra contra a equipe Bradesco em duas categorias, pela 11\u00aa e \u00faltima rodada da primeira fase do Carioca sub-15 e sub-17! \ud83c\udfdf\ufe0f\n<\/p>\n<p>\u26bd\ufe0f Vasco x Bradesco | Sub-15<\/p>\n<p>\ud83d\udd57 09:40 \u2013 S\u00e3o Janu\u00e1rio\n<\/p>\n<p>\u26bd\ufe0f Vasco x Bradesco | Sub-17<\/p>\n<p>\ud83d\udd57 11:00 \u2013 S\u00e3o Janu\u00e1rio\n<\/p>\n<p>\ud83c\udf9f\ufe0f Entrada gratuita!\n<\/p>\n<p>\ud83d\udda5\ufe0f Informa\u00e7\u00f5es sobre transmiss\u00e3o, nos stories.\n<\/p>\n<p>#FutsalVasco #VascodaGama\n<\/p>\n<p>Fonte: Instagram Vasco Futsal<\/p>\n<\/div>\n<p><!-- CONTENT END 2 -->\n<\/div>\n<p><script async defer crossorigin=\"anonymous\" src=\"https:\/\/connect.facebook.net\/pt_BR\/sdk.js#xfbml=1&amp;version=v12.0&amp;appId=114327694422&amp;autoLogAppEvents=1\" nonce=\"4kp7RAsD\"><\/script><\/p>\n","protected":false},"excerpt":{"rendered":"<p>Futsal Base: Vasco enfrenta o Bradesco Seguros pelos Cariocas Sub-15 e Sub-17 neste s\u00e1bado a partir das 9h40 em S\u00e3o Janu\u00e1rio futsalvasco DIA DE VASCO BASE EM DOSE DUPLA! \ud83d\udca2\u26bd\ufe0f\ud83d\udd25 Hoje (7), em S\u00e3o Janu\u00e1rio, o Gigante entra em quadra contra a equipe Bradesco em duas categorias, pela 11\u00aa e \u00faltima rodada da primeira fase &#8230; <a title=\"Futsal Base: Vasco enfrenta o Bradesco Seguros pelos Cariocas Sub-15 e Sub-17 neste s\u00e1bado a partir das 9h40 em S\u00e3o Janu\u00e1rio\" class=\"read-more\" href=\"https:\/\/palpite.net\/index.php\/2025\/06\/07\/futsal-base-vasco-enfrenta-o-bradesco-seguros-pelos-cariocas-sub-15-e-sub-17-neste-sabado-a-partir-das-9h40-em-sao-januario\/\" aria-label=\"Read more about Futsal Base: Vasco enfrenta o Bradesco Seguros pelos Cariocas Sub-15 e Sub-17 neste s\u00e1bado a partir das 9h40 em S\u00e3o Janu\u00e1rio\">Ler mais<\/a><\/p>\n","protected":false},"author":1,"featured_media":0,"comment_status":"","ping_status":"open","sticky":false,"template":"","format":"standard","meta":{"footnotes":""},"categories":[1],"tags":[],"class_list":["post-11915","post","type-post","status-publish","format-standard","hentry","category-blog"],"aioseo_notices":[],"amp_enabled":true,"_links":{"self":[{"href":"https:\/\/palpite.net\/index.php\/wp-json\/wp\/v2\/posts\/11915","targetHints":{"allow":["GET"]}}],"collection":[{"href":"https:\/\/palpite.net\/index.php\/wp-json\/wp\/v2\/posts"}],"about":[{"href":"https:\/\/palpite.net\/index.php\/wp-json\/wp\/v2\/types\/post"}],"author":[{"embeddable":true,"href":"https:\/\/palpite.net\/index.php\/wp-json\/wp\/v2\/users\/1"}],"replies":[{"embeddable":true,"href":"https:\/\/palpite.net\/index.php\/wp-json\/wp\/v2\/comments?post=11915"}],"version-history":[{"count":0,"href":"https:\/\/palpite.net\/index.php\/wp-json\/wp\/v2\/posts\/11915\/revisions"}],"wp:attachment":[{"href":"https:\/\/palpite.net\/index.php\/wp-json\/wp\/v2\/media?parent=11915"}],"wp:term":[{"taxonomy":"category","embeddable":true,"href":"https:\/\/palpite.net\/index.php\/wp-json\/wp\/v2\/categories?post=11915"},{"taxonomy":"post_tag","embeddable":true,"href":"https:\/\/palpite.net\/index.php\/wp-json\/wp\/v2\/tags?post=11915"}],"curies":[{"name":"wp","href":"https:\/\/api.w.org\/{rel}","templated":true}]}}