{"id":11916,"date":"2025-06-07T05:10:05","date_gmt":"2025-06-07T08:10:05","guid":{"rendered":"https:\/\/palpite.net\/index.php\/2025\/06\/07\/vasco-faz-jogos-de-volta-da-taca-gb-no-sub-15-e-no-sub-17-neste-sabado-a-partir-de-9h-no-nivaldao-com-vascotv\/"},"modified":"2025-06-07T05:10:05","modified_gmt":"2025-06-07T08:10:05","slug":"vasco-faz-jogos-de-volta-da-taca-gb-no-sub-15-e-no-sub-17-neste-sabado-a-partir-de-9h-no-nivaldao-com-vascotv","status":"publish","type":"post","link":"https:\/\/palpite.net\/index.php\/2025\/06\/07\/vasco-faz-jogos-de-volta-da-taca-gb-no-sub-15-e-no-sub-17-neste-sabado-a-partir-de-9h-no-nivaldao-com-vascotv\/","title":{"rendered":"Vasco faz jogos de volta da Ta\u00e7a GB no Sub-15 e no Sub-17 neste s\u00e1bado a partir de 9h no Nivald\u00e3o com VascoTV"},"content":{"rendered":"<p><\/p>\n<div>\n<p>Vasco Base @vascobase<\/p>\n<p>Rodada dupla para a #BaseForte! \ud83d\udca2<\/p>\n<p>\ud83c\udfc1 Carioca Sub-17<\/p>\n<p>\ud83c\udd9a Vasco x Nova Igua\u00e7u (Volta | Quartas de final)<\/p>\n<p>\u23f0 9h<\/p>\n<p>\ud83c\udfdf\ufe0f Est\u00e1dio Nivaldo Pereira<\/p>\n<p>\ud83d\udcfa VascoTV<\/p>\n<p>\ud83c\udfc1 Carioca Sub-15<\/p>\n<p>\ud83c\udd9a Vasco x Volta Redonda (Volta | Quartas de final)<\/p>\n<p>\u23f0 11h<\/p>\n<p>\ud83c\udfdf\ufe0f Est\u00e1dio Nivaldo Pereira<\/p>\n<p>\ud83d\udcfa VascoTV<\/p>\n<p>#BaseForte<\/p>\n<p>#VascoDaGama<\/p>\n<p>Fonte: X oficial Vasco Base<\/p>\n<p><!-- CONTENT END 2 -->\n<\/div>\n","protected":false},"excerpt":{"rendered":"<p>Vasco Base @vascobase Rodada dupla para a #BaseForte! \ud83d\udca2 \ud83c\udfc1 Carioca Sub-17 \ud83c\udd9a Vasco x Nova Igua\u00e7u (Volta | Quartas de final) \u23f0 9h \ud83c\udfdf\ufe0f Est\u00e1dio Nivaldo Pereira \ud83d\udcfa VascoTV \ud83c\udfc1 Carioca Sub-15 \ud83c\udd9a Vasco x Volta Redonda (Volta | Quartas de final) \u23f0 11h \ud83c\udfdf\ufe0f Est\u00e1dio Nivaldo Pereira \ud83d\udcfa VascoTV #BaseForte #VascoDaGama Fonte: X &#8230; <a title=\"Vasco faz jogos de volta da Ta\u00e7a GB no Sub-15 e no Sub-17 neste s\u00e1bado a partir de 9h no Nivald\u00e3o com VascoTV\" class=\"read-more\" href=\"https:\/\/palpite.net\/index.php\/2025\/06\/07\/vasco-faz-jogos-de-volta-da-taca-gb-no-sub-15-e-no-sub-17-neste-sabado-a-partir-de-9h-no-nivaldao-com-vascotv\/\" aria-label=\"Read more about Vasco faz jogos de volta da Ta\u00e7a GB no Sub-15 e no Sub-17 neste s\u00e1bado a partir de 9h no Nivald\u00e3o com VascoTV\">Ler mais<\/a><\/p>\n","protected":false},"author":1,"featured_media":0,"comment_status":"","ping_status":"open","sticky":false,"template":"","format":"standard","meta":{"footnotes":""},"categories":[1],"tags":[],"class_list":["post-11916","post","type-post","status-publish","format-standard","hentry","category-blog"],"aioseo_notices":[],"amp_enabled":true,"_links":{"self":[{"href":"https:\/\/palpite.net\/index.php\/wp-json\/wp\/v2\/posts\/11916","targetHints":{"allow":["GET"]}}],"collection":[{"href":"https:\/\/palpite.net\/index.php\/wp-json\/wp\/v2\/posts"}],"about":[{"href":"https:\/\/palpite.net\/index.php\/wp-json\/wp\/v2\/types\/post"}],"author":[{"embeddable":true,"href":"https:\/\/palpite.net\/index.php\/wp-json\/wp\/v2\/users\/1"}],"replies":[{"embeddable":true,"href":"https:\/\/palpite.net\/index.php\/wp-json\/wp\/v2\/comments?post=11916"}],"version-history":[{"count":0,"href":"https:\/\/palpite.net\/index.php\/wp-json\/wp\/v2\/posts\/11916\/revisions"}],"wp:attachment":[{"href":"https:\/\/palpite.net\/index.php\/wp-json\/wp\/v2\/media?parent=11916"}],"wp:term":[{"taxonomy":"category","embeddable":true,"href":"https:\/\/palpite.net\/index.php\/wp-json\/wp\/v2\/categories?post=11916"},{"taxonomy":"post_tag","embeddable":true,"href":"https:\/\/palpite.net\/index.php\/wp-json\/wp\/v2\/tags?post=11916"}],"curies":[{"name":"wp","href":"https:\/\/api.w.org\/{rel}","templated":true}]}}