{"id":11918,"date":"2025-06-07T06:33:47","date_gmt":"2025-06-07T09:33:47","guid":{"rendered":"https:\/\/palpite.net\/index.php\/2025\/06\/07\/judo-vasco-tera-23-atletas-na-taca-brasil-junior-neste-fim-de-semana-em-vila-velha\/"},"modified":"2025-06-07T06:33:47","modified_gmt":"2025-06-07T09:33:47","slug":"judo-vasco-tera-23-atletas-na-taca-brasil-junior-neste-fim-de-semana-em-vila-velha","status":"publish","type":"post","link":"https:\/\/palpite.net\/index.php\/2025\/06\/07\/judo-vasco-tera-23-atletas-na-taca-brasil-junior-neste-fim-de-semana-em-vila-velha\/","title":{"rendered":"Jud\u00f4: Vasco ter\u00e1 23 atletas na Ta\u00e7a Brasil J\u00fanior neste fim de semana em Vila Velha"},"content":{"rendered":"<p><\/p>\n<div>\n<p>Jud\u00f4: Vasco ter\u00e1 23 atletas na Ta\u00e7a Brasil J\u00fanior neste fim de semana em Vila Velha<\/p>\n<div>umbravascojudorj<\/p>\n<p>\ud83e\udd4b JUD\u00d4: Ta\u00e7a Brasil J\u00fanior \ud83c\udfc6\n<\/p>\n<p>Nos dias 07 e 08 de junho, em Vila Velha- Espirito Santo, acontece a Ta\u00e7a Brasil J\u00fanior de Jud\u00f4, um dos torneios mais importantes da base nacional.\n<\/p>\n<p>Nossa equipe chega forte com 23 atletas confirmados, reafirmando seu compromisso com o alto rendimento e a forma\u00e7\u00e3o de talentos.\n<\/p>\n<p>Entre os destaques da delega\u00e7\u00e3o temos:\n<\/p>\n<p>\ud83c\udfc5 Victor Silva \u2013 Campe\u00e3o Pan-Americano<\/p>\n<p>\ud83e\udd47 Laryssa Fonseca \u2013 Campe\u00e3 do Circuito Internacional de Bad Blankenburg \u2013 Alemnaha\n<\/p>\n<p>A delega\u00e7\u00e3o ser\u00e1 comandada pelo treinador Andr\u00e9 Amorelli, que lidera mais uma miss\u00e3o com foco e dedica\u00e7\u00e3o!\n<\/p>\n<p>\ud83d\udccd Local: Arena Tartarug\u00e3o \u2013 Vila Velha\/ES<\/p>\n<p>\ud83d\udcc5 S\u00e1bado e Domingo \u2013 07 e 08 de Junho<\/p>\n<p>\ud83c\udfa5 Transmiss\u00e3o gratuita: CBJ TV no YouTube\n<\/p>\n<p>Contamos com a torcida de todos! \ud83d\ude4c\ud83e\udd4b\n<\/p>\n<p>@crvasco_br<\/p>\n<p>@fabricadetalentosumbra<\/p>\n<p>@sorayaamorelliandreamorelli<\/p>\n<p>@fabricioamorelli<\/p>\n<p>@esportegovrj\n<\/p>\n<p>#UMBRAVASCO #Ta\u00e7aBrasilJunior #Jud\u00f4Nacional #BaseForte #F\u00e1bricaDeTalentos #SonharELutarTrabalharERealizar\n<\/p>\n<p>Fonte: Instagram Umbra\/Vasco da Gama<\/p>\n<\/div>\n<p><!-- CONTENT END 2 -->\n<\/div>\n<p><script async defer crossorigin=\"anonymous\" src=\"https:\/\/connect.facebook.net\/pt_BR\/sdk.js#xfbml=1&amp;version=v12.0&amp;appId=114327694422&amp;autoLogAppEvents=1\" nonce=\"4kp7RAsD\"><\/script><\/p>\n","protected":false},"excerpt":{"rendered":"<p>Jud\u00f4: Vasco ter\u00e1 23 atletas na Ta\u00e7a Brasil J\u00fanior neste fim de semana em Vila Velha umbravascojudorj \ud83e\udd4b JUD\u00d4: Ta\u00e7a Brasil J\u00fanior \ud83c\udfc6 Nos dias 07 e 08 de junho, em Vila Velha- Espirito Santo, acontece a Ta\u00e7a Brasil J\u00fanior de Jud\u00f4, um dos torneios mais importantes da base nacional. Nossa equipe chega forte com &#8230; <a title=\"Jud\u00f4: Vasco ter\u00e1 23 atletas na Ta\u00e7a Brasil J\u00fanior neste fim de semana em Vila Velha\" class=\"read-more\" href=\"https:\/\/palpite.net\/index.php\/2025\/06\/07\/judo-vasco-tera-23-atletas-na-taca-brasil-junior-neste-fim-de-semana-em-vila-velha\/\" aria-label=\"Read more about Jud\u00f4: Vasco ter\u00e1 23 atletas na Ta\u00e7a Brasil J\u00fanior neste fim de semana em Vila Velha\">Ler mais<\/a><\/p>\n","protected":false},"author":1,"featured_media":0,"comment_status":"","ping_status":"open","sticky":false,"template":"","format":"standard","meta":{"footnotes":""},"categories":[1],"tags":[],"class_list":["post-11918","post","type-post","status-publish","format-standard","hentry","category-blog"],"aioseo_notices":[],"amp_enabled":true,"_links":{"self":[{"href":"https:\/\/palpite.net\/index.php\/wp-json\/wp\/v2\/posts\/11918","targetHints":{"allow":["GET"]}}],"collection":[{"href":"https:\/\/palpite.net\/index.php\/wp-json\/wp\/v2\/posts"}],"about":[{"href":"https:\/\/palpite.net\/index.php\/wp-json\/wp\/v2\/types\/post"}],"author":[{"embeddable":true,"href":"https:\/\/palpite.net\/index.php\/wp-json\/wp\/v2\/users\/1"}],"replies":[{"embeddable":true,"href":"https:\/\/palpite.net\/index.php\/wp-json\/wp\/v2\/comments?post=11918"}],"version-history":[{"count":0,"href":"https:\/\/palpite.net\/index.php\/wp-json\/wp\/v2\/posts\/11918\/revisions"}],"wp:attachment":[{"href":"https:\/\/palpite.net\/index.php\/wp-json\/wp\/v2\/media?parent=11918"}],"wp:term":[{"taxonomy":"category","embeddable":true,"href":"https:\/\/palpite.net\/index.php\/wp-json\/wp\/v2\/categories?post=11918"},{"taxonomy":"post_tag","embeddable":true,"href":"https:\/\/palpite.net\/index.php\/wp-json\/wp\/v2\/tags?post=11918"}],"curies":[{"name":"wp","href":"https:\/\/api.w.org\/{rel}","templated":true}]}}