{"id":12516,"date":"2025-06-22T00:35:20","date_gmt":"2025-06-22T03:35:20","guid":{"rendered":"https:\/\/palpite.net\/index.php\/2025\/06\/22\/vasco-posta-videos-com-detalhes-da-expovasco-e-a-feira-autonoma-vascaina-realizadas-neste-sabado-em-sao-januario\/"},"modified":"2025-06-22T00:35:20","modified_gmt":"2025-06-22T03:35:20","slug":"vasco-posta-videos-com-detalhes-da-expovasco-e-a-feira-autonoma-vascaina-realizadas-neste-sabado-em-sao-januario","status":"publish","type":"post","link":"https:\/\/palpite.net\/index.php\/2025\/06\/22\/vasco-posta-videos-com-detalhes-da-expovasco-e-a-feira-autonoma-vascaina-realizadas-neste-sabado-em-sao-januario\/","title":{"rendered":"Vasco posta v\u00eddeos com detalhes da ExpoVasco e a Feira Aut\u00f4noma Vasca\u00edna, realizadas neste s\u00e1bado em S\u00e3o Janu\u00e1rio"},"content":{"rendered":"<p><\/p>\n<div>\n<div>\n<p>Vasco posta v\u00eddeos com detalhes da ExpoVasco e a Feira Aut\u00f4noma Vasca\u00edna, realizadas neste s\u00e1bado em S\u00e3o Janu\u00e1rio<\/p>\n<p>S\u00e1bado, 21\/06\/2025  \u2013 21:37<\/p>\n<div class=\"corpo\">crvasco_br<\/p>\n<p>Confira um pouco de como foi a ExpoVasco + Feira Aut\u00f4noma Vasca\u00edna, que aconteceu neste s\u00e1bado (21), no Gin\u00e1sio de S\u00e3o Janu\u00e1rio, inspirada nos \u00eddolos Cruz-Maltinos! \ud83d\udca2\n<\/p>\n<p>#VascodaGama\n<\/p>\n<p><iframe class=\"embed-responsive-item\" allowfullscreen=\"\" sandbox=\"\" src=\"https:\/\/www.netvasco.com.br\/news\/noticias16\/arquivos\/20250621-200434-1-1-.mp4\"><\/iframe><\/p>\n<p>Ser\u00e1 que tinham camisas hist\u00f3ricas do Gigante na ExpoVasco?! \ud83d\ude0d\u2764\ufe0f\ud83d\udca2\n<\/p>\n<p>#VascodaGama #Vasco\n<\/p>\n<p><iframe class=\"embed-responsive-item\" allowfullscreen=\"\" sandbox=\"\" src=\"https:\/\/www.netvasco.com.br\/news\/noticias16\/arquivos\/20250621-200644-1-1-.mp4\"><\/iframe><\/p>\n<p>Fonte: Instagram oficial do Vasco<\/p>\n<\/div>\n<\/div>\n<p><!-- CONTENT END 2 -->\n<\/div>\n<p><script async defer crossorigin=\"anonymous\" src=\"https:\/\/connect.facebook.net\/pt_BR\/sdk.js#xfbml=1&amp;version=v12.0&amp;appId=114327694422&amp;autoLogAppEvents=1\" nonce=\"4kp7RAsD\"><\/script><\/p>\n","protected":false},"excerpt":{"rendered":"<p>Vasco posta v\u00eddeos com detalhes da ExpoVasco e a Feira Aut\u00f4noma Vasca\u00edna, realizadas neste s\u00e1bado em S\u00e3o Janu\u00e1rio S\u00e1bado, 21\/06\/2025 \u2013 21:37 crvasco_br Confira um pouco de como foi a ExpoVasco + Feira Aut\u00f4noma Vasca\u00edna, que aconteceu neste s\u00e1bado (21), no Gin\u00e1sio de S\u00e3o Janu\u00e1rio, inspirada nos \u00eddolos Cruz-Maltinos! \ud83d\udca2 #VascodaGama Ser\u00e1 que tinham camisas &#8230; <a title=\"Vasco posta v\u00eddeos com detalhes da ExpoVasco e a Feira Aut\u00f4noma Vasca\u00edna, realizadas neste s\u00e1bado em S\u00e3o Janu\u00e1rio\" class=\"read-more\" href=\"https:\/\/palpite.net\/index.php\/2025\/06\/22\/vasco-posta-videos-com-detalhes-da-expovasco-e-a-feira-autonoma-vascaina-realizadas-neste-sabado-em-sao-januario\/\" aria-label=\"Read more about Vasco posta v\u00eddeos com detalhes da ExpoVasco e a Feira Aut\u00f4noma Vasca\u00edna, realizadas neste s\u00e1bado em S\u00e3o Janu\u00e1rio\">Ler mais<\/a><\/p>\n","protected":false},"author":1,"featured_media":0,"comment_status":"","ping_status":"open","sticky":false,"template":"","format":"standard","meta":{"footnotes":""},"categories":[1],"tags":[],"class_list":["post-12516","post","type-post","status-publish","format-standard","hentry","category-blog"],"aioseo_notices":[],"amp_enabled":true,"_links":{"self":[{"href":"https:\/\/palpite.net\/index.php\/wp-json\/wp\/v2\/posts\/12516","targetHints":{"allow":["GET"]}}],"collection":[{"href":"https:\/\/palpite.net\/index.php\/wp-json\/wp\/v2\/posts"}],"about":[{"href":"https:\/\/palpite.net\/index.php\/wp-json\/wp\/v2\/types\/post"}],"author":[{"embeddable":true,"href":"https:\/\/palpite.net\/index.php\/wp-json\/wp\/v2\/users\/1"}],"replies":[{"embeddable":true,"href":"https:\/\/palpite.net\/index.php\/wp-json\/wp\/v2\/comments?post=12516"}],"version-history":[{"count":0,"href":"https:\/\/palpite.net\/index.php\/wp-json\/wp\/v2\/posts\/12516\/revisions"}],"wp:attachment":[{"href":"https:\/\/palpite.net\/index.php\/wp-json\/wp\/v2\/media?parent=12516"}],"wp:term":[{"taxonomy":"category","embeddable":true,"href":"https:\/\/palpite.net\/index.php\/wp-json\/wp\/v2\/categories?post=12516"},{"taxonomy":"post_tag","embeddable":true,"href":"https:\/\/palpite.net\/index.php\/wp-json\/wp\/v2\/tags?post=12516"}],"curies":[{"name":"wp","href":"https:\/\/api.w.org\/{rel}","templated":true}]}}