{"id":12517,"date":"2025-06-22T01:16:21","date_gmt":"2025-06-22T04:16:21","guid":{"rendered":"https:\/\/palpite.net\/index.php\/2025\/06\/22\/dupla-de-zaga-do-tricampeonato-carioca-torres-e-jorge-luiz-estiveram-na-expovasco-em-sao-januario\/"},"modified":"2025-06-22T01:16:21","modified_gmt":"2025-06-22T04:16:21","slug":"dupla-de-zaga-do-tricampeonato-carioca-torres-e-jorge-luiz-estiveram-na-expovasco-em-sao-januario","status":"publish","type":"post","link":"https:\/\/palpite.net\/index.php\/2025\/06\/22\/dupla-de-zaga-do-tricampeonato-carioca-torres-e-jorge-luiz-estiveram-na-expovasco-em-sao-januario\/","title":{"rendered":"Dupla de zaga do tricampeonato carioca, Torres e Jorge Luiz estiveram na ExpoVasco em S\u00e3o Janu\u00e1rio"},"content":{"rendered":"<p><\/p>\n<div>\n<p>Dupla de zaga do tricampeonato carioca, Torres e Jorge Luiz estiveram na ExpoVasco em S\u00e3o Janu\u00e1rio<\/p>\n<div>COBERTURA DA EXPO VASCO E FEIRA AUT\u00d4NOMA VASCA\u00cdNA (FAV) EM S\u00c3O JANU\u00c1RIO | BOLETIM EXPRESSO<\/p>\n<p>Nesse s\u00e1bado dia 21\/06, apesar das f\u00e9rias do Vasco, S\u00e3o Janu\u00e1rio recebeu um grande p\u00fablico para celebrar a vascainidade, atrav\u00e9s de mais uma edi\u00e7\u00e3o da Expo Vasco e da Feira Aut\u00f4noma Vasca\u00edna (FAV). E claro, o Expresso 1293 n\u00e3o poderia ficar de fora! O TrepiDanda esteve presente e reportou tudo pra gente, em especial, uma entrevista sensacional com os tricampe\u00f5es e \u00eddolos Alexandre Torres e Jorge Luiz! Imperd\u00edvel!\n<\/p>\n<p><center><\/p>\n<p><a href=\"https:\/\/www.youtube.com\/watch?v=CQaletgxeG4\">https:\/\/www.youtube.com\/watch?v=CQaletgxeG4<\/a><\/p>\n<p><\/center><\/p>\n<p>Fonte: Youtube Expresso 1923<\/p>\n<\/div>\n<p><!-- CONTENT END 2 -->\n<\/div>\n<p><script async defer crossorigin=\"anonymous\" src=\"https:\/\/connect.facebook.net\/pt_BR\/sdk.js#xfbml=1&amp;version=v12.0&amp;appId=114327694422&amp;autoLogAppEvents=1\" nonce=\"4kp7RAsD\"><\/script><\/p>\n","protected":false},"excerpt":{"rendered":"<p>Dupla de zaga do tricampeonato carioca, Torres e Jorge Luiz estiveram na ExpoVasco em S\u00e3o Janu\u00e1rio COBERTURA DA EXPO VASCO E FEIRA AUT\u00d4NOMA VASCA\u00cdNA (FAV) EM S\u00c3O JANU\u00c1RIO | BOLETIM EXPRESSO Nesse s\u00e1bado dia 21\/06, apesar das f\u00e9rias do Vasco, S\u00e3o Janu\u00e1rio recebeu um grande p\u00fablico para celebrar a vascainidade, atrav\u00e9s de mais uma edi\u00e7\u00e3o &#8230; <a title=\"Dupla de zaga do tricampeonato carioca, Torres e Jorge Luiz estiveram na ExpoVasco em S\u00e3o Janu\u00e1rio\" class=\"read-more\" href=\"https:\/\/palpite.net\/index.php\/2025\/06\/22\/dupla-de-zaga-do-tricampeonato-carioca-torres-e-jorge-luiz-estiveram-na-expovasco-em-sao-januario\/\" aria-label=\"Read more about Dupla de zaga do tricampeonato carioca, Torres e Jorge Luiz estiveram na ExpoVasco em S\u00e3o Janu\u00e1rio\">Ler mais<\/a><\/p>\n","protected":false},"author":1,"featured_media":0,"comment_status":"","ping_status":"open","sticky":false,"template":"","format":"standard","meta":{"footnotes":""},"categories":[1],"tags":[],"class_list":["post-12517","post","type-post","status-publish","format-standard","hentry","category-blog"],"aioseo_notices":[],"amp_enabled":true,"_links":{"self":[{"href":"https:\/\/palpite.net\/index.php\/wp-json\/wp\/v2\/posts\/12517","targetHints":{"allow":["GET"]}}],"collection":[{"href":"https:\/\/palpite.net\/index.php\/wp-json\/wp\/v2\/posts"}],"about":[{"href":"https:\/\/palpite.net\/index.php\/wp-json\/wp\/v2\/types\/post"}],"author":[{"embeddable":true,"href":"https:\/\/palpite.net\/index.php\/wp-json\/wp\/v2\/users\/1"}],"replies":[{"embeddable":true,"href":"https:\/\/palpite.net\/index.php\/wp-json\/wp\/v2\/comments?post=12517"}],"version-history":[{"count":0,"href":"https:\/\/palpite.net\/index.php\/wp-json\/wp\/v2\/posts\/12517\/revisions"}],"wp:attachment":[{"href":"https:\/\/palpite.net\/index.php\/wp-json\/wp\/v2\/media?parent=12517"}],"wp:term":[{"taxonomy":"category","embeddable":true,"href":"https:\/\/palpite.net\/index.php\/wp-json\/wp\/v2\/categories?post=12517"},{"taxonomy":"post_tag","embeddable":true,"href":"https:\/\/palpite.net\/index.php\/wp-json\/wp\/v2\/tags?post=12517"}],"curies":[{"name":"wp","href":"https:\/\/api.w.org\/{rel}","templated":true}]}}