{"id":20955,"date":"2026-03-17T05:52:46","date_gmt":"2026-03-17T08:52:46","guid":{"rendered":"https:\/\/palpite.net\/index.php\/2026\/03\/17\/raphael-claus-de-sp-apitara-fluminense-x-vasco-wagner-reway-sera-o-var\/"},"modified":"2026-03-17T05:52:46","modified_gmt":"2026-03-17T08:52:46","slug":"raphael-claus-de-sp-apitara-fluminense-x-vasco-wagner-reway-sera-o-var","status":"publish","type":"post","link":"https:\/\/palpite.net\/index.php\/2026\/03\/17\/raphael-claus-de-sp-apitara-fluminense-x-vasco-wagner-reway-sera-o-var\/","title":{"rendered":"Raphael Claus, de SP, apitar\u00e1 Fluminense x Vasco; Wagner Reway ser\u00e1 o VAR"},"content":{"rendered":"<p><\/p>\n<div>\n<div>\n<p>Raphael Claus, de SP, apitar\u00e1 Fluminense x Vasco; Wagner Reway ser\u00e1 o VAR<\/p>\n<p>Segunda-feira, 16\/03\/2026  \u2013 14:08<\/p>\n<div class=\"corpo\">Podcast Cruzmaltino @PodCruzmaltino<\/p>\n<p>\ud83d\udccc Arbitragem definida para Fluminense x Vasco<\/p>\n<p>A Comiss\u00e3o de Arbitragem da CBF escalou Raphael Claus (SP) para o confronto entre Fluminense x Vasco \ud83d\udca2, na pr\u00f3xima quarta-feira, \u00e0s 21h30, no Maracan\u00e3, pela 7\u00aa rodada do Brasileir\u00e3o.\n<\/p>\n<p>Siga o Podcast Cruzmaltino para mais informa\u00e7\u00f5es.\n<\/p>\n<p>Fonte: X Podcast Cruzmaltino\n<\/p>\n<p>Fonte: CBF<\/p>\n<\/div>\n<\/div>\n<p><!-- CONTENT END 2 -->\n<\/div>\n","protected":false},"excerpt":{"rendered":"<p>Raphael Claus, de SP, apitar\u00e1 Fluminense x Vasco; Wagner Reway ser\u00e1 o VAR Segunda-feira, 16\/03\/2026 \u2013 14:08 Podcast Cruzmaltino @PodCruzmaltino \ud83d\udccc Arbitragem definida para Fluminense x Vasco A Comiss\u00e3o de Arbitragem da CBF escalou Raphael Claus (SP) para o confronto entre Fluminense x Vasco \ud83d\udca2, na pr\u00f3xima quarta-feira, \u00e0s 21h30, no Maracan\u00e3, pela 7\u00aa rodada &#8230; <a title=\"Raphael Claus, de SP, apitar\u00e1 Fluminense x Vasco; Wagner Reway ser\u00e1 o VAR\" class=\"read-more\" href=\"https:\/\/palpite.net\/index.php\/2026\/03\/17\/raphael-claus-de-sp-apitara-fluminense-x-vasco-wagner-reway-sera-o-var\/\" aria-label=\"Read more about Raphael Claus, de SP, apitar\u00e1 Fluminense x Vasco; Wagner Reway ser\u00e1 o VAR\">Ler mais<\/a><\/p>\n","protected":false},"author":1,"featured_media":0,"comment_status":"","ping_status":"open","sticky":false,"template":"","format":"standard","meta":{"footnotes":""},"categories":[1],"tags":[],"class_list":["post-20955","post","type-post","status-publish","format-standard","hentry","category-blog"],"aioseo_notices":[],"amp_enabled":true,"_links":{"self":[{"href":"https:\/\/palpite.net\/index.php\/wp-json\/wp\/v2\/posts\/20955","targetHints":{"allow":["GET"]}}],"collection":[{"href":"https:\/\/palpite.net\/index.php\/wp-json\/wp\/v2\/posts"}],"about":[{"href":"https:\/\/palpite.net\/index.php\/wp-json\/wp\/v2\/types\/post"}],"author":[{"embeddable":true,"href":"https:\/\/palpite.net\/index.php\/wp-json\/wp\/v2\/users\/1"}],"replies":[{"embeddable":true,"href":"https:\/\/palpite.net\/index.php\/wp-json\/wp\/v2\/comments?post=20955"}],"version-history":[{"count":0,"href":"https:\/\/palpite.net\/index.php\/wp-json\/wp\/v2\/posts\/20955\/revisions"}],"wp:attachment":[{"href":"https:\/\/palpite.net\/index.php\/wp-json\/wp\/v2\/media?parent=20955"}],"wp:term":[{"taxonomy":"category","embeddable":true,"href":"https:\/\/palpite.net\/index.php\/wp-json\/wp\/v2\/categories?post=20955"},{"taxonomy":"post_tag","embeddable":true,"href":"https:\/\/palpite.net\/index.php\/wp-json\/wp\/v2\/tags?post=20955"}],"curies":[{"name":"wp","href":"https:\/\/api.w.org\/{rel}","templated":true}]}}