{"id":21742,"date":"2026-04-09T03:17:44","date_gmt":"2026-04-09T06:17:44","guid":{"rendered":"https:\/\/palpite.net\/index.php\/2026\/04\/09\/jogador-do-barracas-central-fala-sobre-ausencia-de-renato-gaucho-nunca-havia-escutado-que-um-lider-faltasse-a-conducao\/"},"modified":"2026-04-09T03:17:44","modified_gmt":"2026-04-09T06:17:44","slug":"jogador-do-barracas-central-fala-sobre-ausencia-de-renato-gaucho-nunca-havia-escutado-que-um-lider-faltasse-a-conducao","status":"publish","type":"post","link":"https:\/\/palpite.net\/index.php\/2026\/04\/09\/jogador-do-barracas-central-fala-sobre-ausencia-de-renato-gaucho-nunca-havia-escutado-que-um-lider-faltasse-a-conducao\/","title":{"rendered":"Jogador do Barracas Central fala sobre aus\u00eancia de Renato Ga\u00facho: &#8216;Nunca havia escutado que um l\u00edder faltasse \u00e0 condu\u00e7\u00e3o&#8217;"},"content":{"rendered":"<p><\/p>\n<p>Jogador do Barracas Central fala sobre aus\u00eancia de Renato Ga\u00facho: \u2018Nunca havia escutado que um l\u00edder faltasse \u00e0 condu\u00e7\u00e3o\u2019<\/p>\n<div>A repercuss\u00e3o da aus\u00eancia de Renato Ga\u00facho na delega\u00e7\u00e3o vasca\u00edna na Argentina para a estreia na Sul-Americana repercutiu entre os jogadores do time advers\u00e1rio. Dardo Miloc, meia do Barracas Central, foi questionado sobre a situa\u00e7\u00e3o ap\u00f3s o empate em 0 a 0, no est\u00e1dio Florencio Sola, e afirmou que a aus\u00eancia estranhou o grupo de atletas.<\/p>\n<p>\u2013 N\u00e3o passou despercebido porque, obviamente, foi not\u00edcia. Mas a\u00ed est\u00e1 tamb\u00e9m o aspecto cultural, n\u00e3o? \u2013 disse Miloc\n<\/p>\n<p>\u201cEu, como argentino, nunca havia escutado que um l\u00edder faltasse \u00e0 condu\u00e7\u00e3o ou que resolvessem dessa maneira. Me chamou a aten\u00e7\u00e3o, sim\u201d, completou o jogador do Barracas.\n<\/p>\n<p>Na Argentina, o Vasco foi comandado \u00e0 beira do campo pelo auxiliar Marcelo Salles, ao lado de Bruno Lazaroni. Renato optou por n\u00e3o viajar e ficou no Rio de Janeiro com os outros atletas.\n<\/p>\n<p>A decis\u00e3o n\u00e3o \u00e9 uma novidade na carreira do profissional de 63 anos. No ano passado, quando comandava o Fluminense, ele n\u00e3o viajou para o jogo contra o Union Espa\u00f1ola, do Chile, pela 3\u00aa rodada da fase de grupos da Sul-Americana.\n<\/p>\n<p>A decis\u00e3o foi justificada pelo car\u00e1ter t\u00e9cnico. J\u00e1 estava decidido desde o retorno da Data Fifa, independentemente dos resultados neste intervalo, que o Vasco usaria um time majoritariamente formado por reservas na estreia da Sul-Americana.\n<\/p>\n<p>Renato sinalizou que gostaria de ficar na cidade para n\u00e3o perder contato com a espinha dorsal titular do elenco ap\u00f3s a derrota para o Botafogo, no \u00faltimo s\u00e1bado. O time enfrenta o Remo em Bel\u00e9m no s\u00e1bado pelo Brasileir\u00e3o. Como a viagem era longa, a decis\u00e3o entre comiss\u00e3o e diretoria \u00e9 seguir o foco na competi\u00e7\u00e3o nacional.\n<\/p>\n<p>Se fosse para Buenos Aires, Renato n\u00e3o daria os treinos de segunda, dia de atividade do Vasco no CT do Boca Juniors, e ter\u00e7a, data da partida. A op\u00e7\u00e3o do treinador foi de manter uma semana cheia com a maior parte dos titulares para focar nas quest\u00f5es que ele considera que os atletas ainda precisam melhorar, al\u00e9m de evoluir na parte f\u00edsica.\n<\/p>\n<p><b>Post nas redes sociais<\/b>\n<\/p>\n<p>No fim da noite desta ter\u00e7a-feira, a filha de Renato Ga\u00facho, Carol Portaluppi, postou em suas redes sociais o treinador assistindo \u00e0 partida em sua casa, no Rio de Janeiro.\n<\/p>\n<p>Fonte: ge<\/p>\n<\/div>\n","protected":false},"excerpt":{"rendered":"<p>Jogador do Barracas Central fala sobre aus\u00eancia de Renato Ga\u00facho: \u2018Nunca havia escutado que um l\u00edder faltasse \u00e0 condu\u00e7\u00e3o\u2019 A repercuss\u00e3o da aus\u00eancia de Renato Ga\u00facho na delega\u00e7\u00e3o vasca\u00edna na Argentina para a estreia na Sul-Americana repercutiu entre os jogadores do time advers\u00e1rio. Dardo Miloc, meia do Barracas Central, foi questionado sobre a situa\u00e7\u00e3o ap\u00f3s &#8230; <a title=\"Jogador do Barracas Central fala sobre aus\u00eancia de Renato Ga\u00facho: &#8216;Nunca havia escutado que um l\u00edder faltasse \u00e0 condu\u00e7\u00e3o&#8217;\" class=\"read-more\" href=\"https:\/\/palpite.net\/index.php\/2026\/04\/09\/jogador-do-barracas-central-fala-sobre-ausencia-de-renato-gaucho-nunca-havia-escutado-que-um-lider-faltasse-a-conducao\/\" aria-label=\"Read more about Jogador do Barracas Central fala sobre aus\u00eancia de Renato Ga\u00facho: &#8216;Nunca havia escutado que um l\u00edder faltasse \u00e0 condu\u00e7\u00e3o&#8217;\">Ler mais<\/a><\/p>\n","protected":false},"author":1,"featured_media":0,"comment_status":"","ping_status":"open","sticky":false,"template":"","format":"standard","meta":{"footnotes":""},"categories":[1],"tags":[],"class_list":["post-21742","post","type-post","status-publish","format-standard","hentry","category-blog"],"aioseo_notices":[],"amp_enabled":true,"_links":{"self":[{"href":"https:\/\/palpite.net\/index.php\/wp-json\/wp\/v2\/posts\/21742","targetHints":{"allow":["GET"]}}],"collection":[{"href":"https:\/\/palpite.net\/index.php\/wp-json\/wp\/v2\/posts"}],"about":[{"href":"https:\/\/palpite.net\/index.php\/wp-json\/wp\/v2\/types\/post"}],"author":[{"embeddable":true,"href":"https:\/\/palpite.net\/index.php\/wp-json\/wp\/v2\/users\/1"}],"replies":[{"embeddable":true,"href":"https:\/\/palpite.net\/index.php\/wp-json\/wp\/v2\/comments?post=21742"}],"version-history":[{"count":0,"href":"https:\/\/palpite.net\/index.php\/wp-json\/wp\/v2\/posts\/21742\/revisions"}],"wp:attachment":[{"href":"https:\/\/palpite.net\/index.php\/wp-json\/wp\/v2\/media?parent=21742"}],"wp:term":[{"taxonomy":"category","embeddable":true,"href":"https:\/\/palpite.net\/index.php\/wp-json\/wp\/v2\/categories?post=21742"},{"taxonomy":"post_tag","embeddable":true,"href":"https:\/\/palpite.net\/index.php\/wp-json\/wp\/v2\/tags?post=21742"}],"curies":[{"name":"wp","href":"https:\/\/api.w.org\/{rel}","templated":true}]}}