{"id":21746,"date":"2026-04-09T06:46:13","date_gmt":"2026-04-09T09:46:13","guid":{"rendered":"https:\/\/palpite.net\/index.php\/2026\/04\/09\/conheca-a-historia-da-criacao-do-mascote-vascaino-dom-corvo\/"},"modified":"2026-04-09T06:46:13","modified_gmt":"2026-04-09T09:46:13","slug":"conheca-a-historia-da-criacao-do-mascote-vascaino-dom-corvo","status":"publish","type":"post","link":"https:\/\/palpite.net\/index.php\/2026\/04\/09\/conheca-a-historia-da-criacao-do-mascote-vascaino-dom-corvo\/","title":{"rendered":"Conhe\u00e7a a hist\u00f3ria da cria\u00e7\u00e3o do mascote vasca\u00edno Dom Corvo"},"content":{"rendered":"<p><\/p>\n<div>jornal.dos.sports<\/p>\n<p>CONHE\u00c7A A HIST\u00d3RIA DE DOM CORVO, MASCOTE DO VASCO CRIADO PELO JS \ud83d\udcf0\ud83d\udc26\n<\/p>\n<p>Uma arte recente da Conmebol reascendeu o debate sobre o mascote do Vasco. A entidade postou um Corvo trajado de cruzmaltino e, imediatamente, a pergunta surgiu: Dom Corvo I e \u00danico, criado pelo Jornal dos Sports, vai voltar? \ud83d\udc40\n<\/p>\n<p>Enquanto parte da torcida prefere o Almirante, \u00e9 ineg\u00e1vel que todos os s\u00edmbolos representam muito bem o Gigante da Colina. Mas voc\u00ea conhece a hist\u00f3ria por tr\u00e1s do Corvo? \ud83d\udc47\n<\/p>\n<p>\ud83d\uddd3\ufe0f Em maio de 1947, o jornalista \u00c1lvaro do Nascimento Rodrigues, colunista do JS, e o chargista Otelo Ca\u00e7ador criaram uma historinha com a ave em uma caravela, acima da Cruz de Malta. A ilustra\u00e7\u00e3o serviu para apimentar o cl\u00e1ssico entre Vasco e Botafogo, pelo Campeonato Carioca. O burburinho foi t\u00e3o grande que at\u00e9 o Olaria tentou rivalizar, lan\u00e7ando uma arara como mascote! \ud83e\udd9c\n<\/p>\n<p>\ud83e\udd85 Segundo o historiador Walmer Peres, o pr\u00f3prio \u00c1lvaro trouxe um corvo de Portugal para fazer a alegria da torcida, com direito a carreata e tudo. Nesse per\u00edodo dourado, o lend\u00e1rio \u201cExpresso da Vit\u00f3ria\u201d conquistou os t\u00edtulos Cariocas de 1945, 1947, 1949, 1950 e 1952, al\u00e9m do hist\u00f3rico Sul-Americano de 1948, no Chile. \ud83c\udfc6\n<\/p>\n<p>O corvo faleceu em 1959. Coincidentemente, o Vasco passou toda a d\u00e9cada de 60 sem conquistar um t\u00edtulo, e o mascote foi perdendo for\u00e7a entre os adeptos.\n<\/p>\n<p>\ud83e\udd14 Agora queremos saber de voc\u00ea, vasca\u00edno: Ser\u00e1 que est\u00e1 na hora de Dom Corvo I e \u00danico voltar? Deixe sua opini\u00e3o nos coment\u00e1rios! \ud83d\udc47\n<\/p>\n<p>\ud83d\udca1 Usamos a IA para ajudar o JS a criar algumas vers\u00f5es do mascote e reproduzimos a charge que deu in\u00edcio \u00e0 era do Corvo na Colina. Arraste para o lado e confira! \u2728\n<\/p>\n<p>#VascoDaGama #Vasco #MascoVasco #DomCorvo #jornaldossports\n<\/p>\n<p>Fonte: Instagram Jornal dos Sports<\/p>\n<\/div>\n","protected":false},"excerpt":{"rendered":"<p>jornal.dos.sports CONHE\u00c7A A HIST\u00d3RIA DE DOM CORVO, MASCOTE DO VASCO CRIADO PELO JS \ud83d\udcf0\ud83d\udc26 Uma arte recente da Conmebol reascendeu o debate sobre o mascote do Vasco. A entidade postou um Corvo trajado de cruzmaltino e, imediatamente, a pergunta surgiu: Dom Corvo I e \u00danico, criado pelo Jornal dos Sports, vai voltar? \ud83d\udc40 Enquanto parte &#8230; <a title=\"Conhe\u00e7a a hist\u00f3ria da cria\u00e7\u00e3o do mascote vasca\u00edno Dom Corvo\" class=\"read-more\" href=\"https:\/\/palpite.net\/index.php\/2026\/04\/09\/conheca-a-historia-da-criacao-do-mascote-vascaino-dom-corvo\/\" aria-label=\"Read more about Conhe\u00e7a a hist\u00f3ria da cria\u00e7\u00e3o do mascote vasca\u00edno Dom Corvo\">Ler mais<\/a><\/p>\n","protected":false},"author":1,"featured_media":0,"comment_status":"","ping_status":"open","sticky":false,"template":"","format":"standard","meta":{"footnotes":""},"categories":[1],"tags":[],"class_list":["post-21746","post","type-post","status-publish","format-standard","hentry","category-blog"],"aioseo_notices":[],"amp_enabled":true,"_links":{"self":[{"href":"https:\/\/palpite.net\/index.php\/wp-json\/wp\/v2\/posts\/21746","targetHints":{"allow":["GET"]}}],"collection":[{"href":"https:\/\/palpite.net\/index.php\/wp-json\/wp\/v2\/posts"}],"about":[{"href":"https:\/\/palpite.net\/index.php\/wp-json\/wp\/v2\/types\/post"}],"author":[{"embeddable":true,"href":"https:\/\/palpite.net\/index.php\/wp-json\/wp\/v2\/users\/1"}],"replies":[{"embeddable":true,"href":"https:\/\/palpite.net\/index.php\/wp-json\/wp\/v2\/comments?post=21746"}],"version-history":[{"count":0,"href":"https:\/\/palpite.net\/index.php\/wp-json\/wp\/v2\/posts\/21746\/revisions"}],"wp:attachment":[{"href":"https:\/\/palpite.net\/index.php\/wp-json\/wp\/v2\/media?parent=21746"}],"wp:term":[{"taxonomy":"category","embeddable":true,"href":"https:\/\/palpite.net\/index.php\/wp-json\/wp\/v2\/categories?post=21746"},{"taxonomy":"post_tag","embeddable":true,"href":"https:\/\/palpite.net\/index.php\/wp-json\/wp\/v2\/tags?post=21746"}],"curies":[{"name":"wp","href":"https:\/\/api.w.org\/{rel}","templated":true}]}}