{"id":22134,"date":"2026-04-19T21:41:35","date_gmt":"2026-04-20T00:41:35","guid":{"rendered":"https:\/\/palpite.net\/index.php\/2026\/04\/19\/veja-reacoes-de-narradores-e-youtubers-sao-paulinos-a-vitoria-do-vasco\/"},"modified":"2026-04-19T21:41:35","modified_gmt":"2026-04-20T00:41:35","slug":"veja-reacoes-de-narradores-e-youtubers-sao-paulinos-a-vitoria-do-vasco","status":"publish","type":"post","link":"https:\/\/palpite.net\/index.php\/2026\/04\/19\/veja-reacoes-de-narradores-e-youtubers-sao-paulinos-a-vitoria-do-vasco\/","title":{"rendered":"Veja rea\u00e7\u00f5es de narradores e youtubers s\u00e3o-paulinos \u00e0 vit\u00f3ria do Vasco"},"content":{"rendered":"<p><\/p>\n<div>REA\u00c7\u00d5ES DOS NARRADORES PAULISTAS INCR\u00c9DULOS \u00e0 VIRADA DO VASCO SOBRE O S\u00c3O PAULO VASCO 2X1 S\u00c3O PAULO<br \/>\n<center><\/p>\n<div class=\"code-block code-block-10\" style=\"margin: 8px auto; text-align: center; display: block; clear: both;\">\n<p><!-- AMP --><br \/>\n<amp-ad width=\"100vw\" height=\"320\" type=\"adsense\" data-ad-client=\"ca-pub-9463444472301664\" data-ad-slot=\"2740239170\" data-auto-format=\"rspv\" data-full-width=\"\"><\/p>\n<p><\/amp-ad><br \/>\n<amp-ad layout=\"fixed\" width=\"336\" height=\"280\" type=\"adsense\" data-ad-client=\"ca-pub-9463444472301664\" data-ad-slot=\"3283796203\"><br \/>\n<\/amp-ad><\/div>\n<div class=\"code-block code-block-3\" style=\"margin: 8px 0; clear: both;\">\n<strong>SIGA-NOS<\/strong> <\/p>\n<div class=\"code-block code-block-14\" style=\"margin: 8px auto; text-align: center; display: block; clear: both;\">\n<amp-ad width=\"100vw\" height=\"320\" type=\"adsense\" data-ad-client=\"ca-pub-9463444472301664\" data-ad-slot=\"2740239170\" data-auto-format=\"rspv\" data-full-width=\"\"><\/p>\n<p><\/amp-ad><\/div>\n<p><!--\n\n--><\/div>\n<p><iframe loading=\"lazy\" title=\"REA\u00c7\u00d5ES DOS NARRADORES PAULISTAS INCR\u00c9DULOS \u00e0 VIRADA DO VASCO SOBRE O S\u00c3O PAULO VASCO 2X1 S\u00c3O PAULO\" width=\"1200\" height=\"675\" src=\"https:\/\/www.youtube.com\/embed\/k6nfkA4YcU0?feature=oembed\" frameborder=\"0\" allow=\"accelerometer; autoplay; clipboard-write; encrypted-media; gyroscope; picture-in-picture; web-share\" referrerpolicy=\"strict-origin-when-cross-origin\" allowfullscreen><\/iframe><\/p>\n<div class=\"code-block code-block-4\" style=\"margin: 8px 0; clear: both;\">\n SIGA NOSSO CANAL DO WHATSAPP E FIQUE LIGADO NAS NOTICIAS DO VASCO <\/p>\n<hr>\n<p><amp-ad width=\"100vw\" height=\"320\" type=\"adsense\" data-ad-client=\"ca-pub-9463444472301664\" data-ad-slot=\"2740239170\" data-auto-format=\"rspv\" data-full-width=\"\"><\/p>\n<p><\/amp-ad><\/div>\n<p><\/center><\/p>\n<div class=\"code-block code-block-11\" style=\"margin: 8px auto; text-align: center; display: block; clear: both;\">\n<amp-ad layout=\"fixed\" width=\"336\" height=\"280\" type=\"adsense\" data-ad-client=\"ca-pub-9463444472301664\" data-ad-slot=\"3283796203\"><br \/>\n<\/amp-ad><\/div>\n<p>Fonte: Youtube Rea\u00e7\u00f5es Futebol Clube\n<\/p>\n<p>REA\u00c7\u00d5ES dos S\u00c3O PAULINOS \u2013 VASCO 2\u00d71 S\u00c3O PAULO \u2013 BRASILEIR\u00c3O 2026 \u2013 REACT VAMOS RIR DO TRICOLOR!\n<\/p>\n<div class=\"code-block code-block-12\" style=\"margin: 8px auto; text-align: center; display: block; clear: both;\">\n<p><!-- AMP --><\/p>\n<p><amp-ad layout=\"fixed\" width=\"336\" height=\"280\" type=\"adsense\" data-ad-client=\"ca-pub-9463444472301664\" data-ad-slot=\"3283796203\"><br \/>\n<\/amp-ad><\/div>\n<p><center><\/p>\n<p><iframe loading=\"lazy\" title=\"REA\u00c7\u00d5ES dos S\u00c3O PAULINOS - VASCO 2x1 S\u00c3O PAULO - BRASILEIR\u00c3O 2026 - REACT VAMOS RIR DO TRICOLOR!\" width=\"1200\" height=\"675\" src=\"https:\/\/www.youtube.com\/embed\/SGnVW5k4jmA?feature=oembed\" frameborder=\"0\" allow=\"accelerometer; autoplay; clipboard-write; encrypted-media; gyroscope; picture-in-picture; web-share\" referrerpolicy=\"strict-origin-when-cross-origin\" allowfullscreen><\/iframe><\/p>\n<p><\/center><\/p>\n<p>Fonte: Youtube REACT TORCEDORES FC\n<\/p>\n<p>REA\u00c7\u00d5ES dos S\u00c3O PAULINOS \u2013 VASCO 2\u00d71 S\u00c3O PAULO \u2013 BRASILEIR\u00c3O 2026 \u2013 VAMOS RIR DO S\u00c3O PAULO!\n<\/p>\n<p><center><\/p>\n<p><iframe loading=\"lazy\" title=\"REA\u00c7\u00d5ES dos S\u00c3O PAULINOS - VASCO 2x1 S\u00c3O PAULO - BRASILEIR\u00c3O 2026 - VAMOS RIR DO S\u00c3O PAULO!\" width=\"1200\" height=\"675\" src=\"https:\/\/www.youtube.com\/embed\/DKsOIBflEjk?feature=oembed\" frameborder=\"0\" allow=\"accelerometer; autoplay; clipboard-write; encrypted-media; gyroscope; picture-in-picture; web-share\" referrerpolicy=\"strict-origin-when-cross-origin\" allowfullscreen><\/iframe><\/p>\n<p><\/center><\/p>\n<p>Fonte: Youtube A Voz da Torcida\n<\/p>\n<p>REA\u00c7\u00d5ES DOS S\u00c3O PAULINOS COM A DERROTA PARA O VASCO \u2013 VASCO 2X1 S\u00c3O PAULO\n<\/p>\n<p><center><\/p>\n<p><iframe loading=\"lazy\" title=\"REA\u00c7\u00d5ES DOS S\u00c3O PAULINOS COM A DERROTA PARA O VASCO - VASCO 2X1 S\u00c3O PAULO \" width=\"1200\" height=\"675\" src=\"https:\/\/www.youtube.com\/embed\/Xb7KI8U98TY?feature=oembed\" frameborder=\"0\" allow=\"accelerometer; autoplay; clipboard-write; encrypted-media; gyroscope; picture-in-picture; web-share\" referrerpolicy=\"strict-origin-when-cross-origin\" allowfullscreen><\/iframe><\/p>\n<p><\/center><\/p>\n<p>Fonte: Youtube REACT FC\n<\/p>\n<p>REA\u00c7\u00d5ES dos S\u00c3O PAULINOS | VASCO 2\u00d71 S\u00c3O PAULO | BRASILEIR\u00c3O 2026 | VAMOS RIR DO S\u00c3O PAULO! \ud83e\udd23\n<\/p>\n<p><center><\/p>\n<p><iframe loading=\"lazy\" title=\"REA\u00c7\u00d5ES dos S\u00c3O PAULINOS | VASCO 2x1 S\u00c3O PAULO | BRASILEIR\u00c3O 2026 | VAMOS RIR DO S\u00c3O PAULO! \ud83e\udd23\" width=\"1200\" height=\"675\" src=\"https:\/\/www.youtube.com\/embed\/qB7dYPnfQ-M?feature=oembed\" frameborder=\"0\" allow=\"accelerometer; autoplay; clipboard-write; encrypted-media; gyroscope; picture-in-picture; web-share\" referrerpolicy=\"strict-origin-when-cross-origin\" allowfullscreen><\/iframe><\/p>\n<p><\/center><\/p>\n<p>Fonte: Youtube Central da Torcida<\/p>\n<\/div>\n","protected":false},"excerpt":{"rendered":"<p>REA\u00c7\u00d5ES DOS NARRADORES PAULISTAS INCR\u00c9DULOS \u00e0 VIRADA DO VASCO SOBRE O S\u00c3O PAULO VASCO 2X1 S\u00c3O PAULO SIGA-NOS SIGA NOSSO CANAL DO WHATSAPP E FIQUE LIGADO NAS NOTICIAS DO VASCO Fonte: Youtube Rea\u00e7\u00f5es Futebol Clube REA\u00c7\u00d5ES dos S\u00c3O PAULINOS \u2013 VASCO 2\u00d71 S\u00c3O PAULO \u2013 BRASILEIR\u00c3O 2026 \u2013 REACT VAMOS RIR DO TRICOLOR! Fonte: Youtube &#8230; <a title=\"Veja rea\u00e7\u00f5es de narradores e youtubers s\u00e3o-paulinos \u00e0 vit\u00f3ria do Vasco\" class=\"read-more\" href=\"https:\/\/palpite.net\/index.php\/2026\/04\/19\/veja-reacoes-de-narradores-e-youtubers-sao-paulinos-a-vitoria-do-vasco\/\" aria-label=\"Read more about Veja rea\u00e7\u00f5es de narradores e youtubers s\u00e3o-paulinos \u00e0 vit\u00f3ria do Vasco\">Ler mais<\/a><\/p>\n","protected":false},"author":1,"featured_media":0,"comment_status":"","ping_status":"open","sticky":false,"template":"","format":"standard","meta":{"footnotes":""},"categories":[1],"tags":[],"class_list":["post-22134","post","type-post","status-publish","format-standard","hentry","category-blog"],"aioseo_notices":[],"amp_enabled":true,"_links":{"self":[{"href":"https:\/\/palpite.net\/index.php\/wp-json\/wp\/v2\/posts\/22134","targetHints":{"allow":["GET"]}}],"collection":[{"href":"https:\/\/palpite.net\/index.php\/wp-json\/wp\/v2\/posts"}],"about":[{"href":"https:\/\/palpite.net\/index.php\/wp-json\/wp\/v2\/types\/post"}],"author":[{"embeddable":true,"href":"https:\/\/palpite.net\/index.php\/wp-json\/wp\/v2\/users\/1"}],"replies":[{"embeddable":true,"href":"https:\/\/palpite.net\/index.php\/wp-json\/wp\/v2\/comments?post=22134"}],"version-history":[{"count":0,"href":"https:\/\/palpite.net\/index.php\/wp-json\/wp\/v2\/posts\/22134\/revisions"}],"wp:attachment":[{"href":"https:\/\/palpite.net\/index.php\/wp-json\/wp\/v2\/media?parent=22134"}],"wp:term":[{"taxonomy":"category","embeddable":true,"href":"https:\/\/palpite.net\/index.php\/wp-json\/wp\/v2\/categories?post=22134"},{"taxonomy":"post_tag","embeddable":true,"href":"https:\/\/palpite.net\/index.php\/wp-json\/wp\/v2\/tags?post=22134"}],"curies":[{"name":"wp","href":"https:\/\/api.w.org\/{rel}","templated":true}]}}