{"id":22170,"date":"2026-04-20T23:12:31","date_gmt":"2026-04-21T02:12:31","guid":{"rendered":"https:\/\/palpite.net\/index.php\/2026\/04\/20\/sub-16-vasco-anuncia-acerto-com-o-atacante-iago-santos-e-o-volante-lucas-hanry\/"},"modified":"2026-04-20T23:12:31","modified_gmt":"2026-04-21T02:12:31","slug":"sub-16-vasco-anuncia-acerto-com-o-atacante-iago-santos-e-o-volante-lucas-hanry","status":"publish","type":"post","link":"https:\/\/palpite.net\/index.php\/2026\/04\/20\/sub-16-vasco-anuncia-acerto-com-o-atacante-iago-santos-e-o-volante-lucas-hanry\/","title":{"rendered":"Sub-16: Vasco anuncia acerto com o atacante Iago Santos e o volante Lucas Hanry"},"content":{"rendered":"<p><\/p>\n<div>\n<div>vascobase<\/p>\n<p>\u270d\ufe0f Vasco refor\u00e7a a base com as chegadas de Lucas Hanry e Iago Santos\n<\/p>\n<p>\u27a1\ufe0f Saiba mais em Vasco.com.br\n<\/p>\n<p>#CriasDaColina<\/p>\n<p>#VascoDaGama\n<\/p>\n<p>Fonte: Instagram Vasco Base\n<\/p>\n<p><b>Vasco refor\u00e7a a base com as chegadas de Lucas Hanry e Iago Santos<\/b>\n<\/p>\n<p>O Departamento de Futebol da Base do Vasco da Gama acertou a contrata\u00e7\u00e3o de mais dois refor\u00e7os. Tratam-se do volante Lucas Hanry, de 15 anos, e do atacante Iago Santos, de 16, que chegam para dar sequ\u00eancia aos seus processos de desenvolvimento em S\u00e3o Janu\u00e1rio.Lucas Hanry assinou contrato de forma\u00e7\u00e3o at\u00e9 2029 e acumula passagens pelas categorias de base do Sport e do Palmeiras.J\u00e1 Iago Santos tem passagens pelas categorias de base do Internacional e do Refer\u00eancia, e tamb\u00e9m firmou contrato de forma\u00e7\u00e3o com o clube.Ambos j\u00e1 est\u00e3o integrados \u00e0s atividades e iniciam suas trajet\u00f3rias com a camisa cruzmaltina mirando evolu\u00e7\u00e3o cont\u00ednua e conquistas futuras ao lado dos #CriasDaColina.\n<\/p>\n<p>Fonte: Site oficial do Vasco<\/p>\n<\/div>\n<p><!-- CONTENT END 2 -->\n<\/div>\n","protected":false},"excerpt":{"rendered":"<p>vascobase \u270d\ufe0f Vasco refor\u00e7a a base com as chegadas de Lucas Hanry e Iago Santos \u27a1\ufe0f Saiba mais em Vasco.com.br #CriasDaColina #VascoDaGama Fonte: Instagram Vasco Base Vasco refor\u00e7a a base com as chegadas de Lucas Hanry e Iago Santos O Departamento de Futebol da Base do Vasco da Gama acertou a contrata\u00e7\u00e3o de mais dois &#8230; <a title=\"Sub-16: Vasco anuncia acerto com o atacante Iago Santos e o volante Lucas Hanry\" class=\"read-more\" href=\"https:\/\/palpite.net\/index.php\/2026\/04\/20\/sub-16-vasco-anuncia-acerto-com-o-atacante-iago-santos-e-o-volante-lucas-hanry\/\" aria-label=\"Read more about Sub-16: Vasco anuncia acerto com o atacante Iago Santos e o volante Lucas Hanry\">Ler mais<\/a><\/p>\n","protected":false},"author":1,"featured_media":0,"comment_status":"","ping_status":"open","sticky":false,"template":"","format":"standard","meta":{"footnotes":""},"categories":[1],"tags":[],"class_list":["post-22170","post","type-post","status-publish","format-standard","hentry","category-blog"],"aioseo_notices":[],"amp_enabled":true,"_links":{"self":[{"href":"https:\/\/palpite.net\/index.php\/wp-json\/wp\/v2\/posts\/22170","targetHints":{"allow":["GET"]}}],"collection":[{"href":"https:\/\/palpite.net\/index.php\/wp-json\/wp\/v2\/posts"}],"about":[{"href":"https:\/\/palpite.net\/index.php\/wp-json\/wp\/v2\/types\/post"}],"author":[{"embeddable":true,"href":"https:\/\/palpite.net\/index.php\/wp-json\/wp\/v2\/users\/1"}],"replies":[{"embeddable":true,"href":"https:\/\/palpite.net\/index.php\/wp-json\/wp\/v2\/comments?post=22170"}],"version-history":[{"count":0,"href":"https:\/\/palpite.net\/index.php\/wp-json\/wp\/v2\/posts\/22170\/revisions"}],"wp:attachment":[{"href":"https:\/\/palpite.net\/index.php\/wp-json\/wp\/v2\/media?parent=22170"}],"wp:term":[{"taxonomy":"category","embeddable":true,"href":"https:\/\/palpite.net\/index.php\/wp-json\/wp\/v2\/categories?post=22170"},{"taxonomy":"post_tag","embeddable":true,"href":"https:\/\/palpite.net\/index.php\/wp-json\/wp\/v2\/tags?post=22170"}],"curies":[{"name":"wp","href":"https:\/\/api.w.org\/{rel}","templated":true}]}}