{"id":22182,"date":"2026-04-21T07:29:58","date_gmt":"2026-04-21T10:29:58","guid":{"rendered":"https:\/\/palpite.net\/index.php\/2026\/04\/21\/feira-autonoma-vascaina-acontece-nesta-3a-feira-em-frente-a-sao-januario\/"},"modified":"2026-04-21T07:29:58","modified_gmt":"2026-04-21T10:29:58","slug":"feira-autonoma-vascaina-acontece-nesta-3a-feira-em-frente-a-sao-januario","status":"publish","type":"post","link":"https:\/\/palpite.net\/index.php\/2026\/04\/21\/feira-autonoma-vascaina-acontece-nesta-3a-feira-em-frente-a-sao-januario\/","title":{"rendered":"Feira Aut\u00f4noma Vasca\u00edna acontece nesta 3\u00aa-feira em frente a S\u00e3o Janu\u00e1rio"},"content":{"rendered":"<p><\/p>\n<div>\n<div>feira.autonoma.vascaina<\/p>\n<p>AMANH\u00c3 TEM FAV!\n<\/p>\n<p>Dia 21 de abril, no anivers\u00e1rio de S\u00e3o Janu\u00e1rio, a Feira Aut\u00f4noma Vasca\u00edna estar\u00e1 realizando mais um dia de cultura, pertencimento e vasca\u00ednidade, ali mesmo, em frente a nossa Fachada Hist\u00f3rica.\n<\/p>\n<p>De 11h \u00e0s 18h, com mais de 30 expositores, a Feira traz um dia inteiro de atra\u00e7\u00f5es com samba, rap, djs. Al\u00e9m disso, ap\u00f3s a feira, teremos um tel\u00e3o para assistir a partida de Paysandu x Vasco pela Copa do Brasil.\n<\/p>\n<p>\u00c9 um dia inteirinho de Vasco, bora? \ud83d\udca2\n<\/p>\n<p>Fonte: Instagram FAV<\/p>\n<\/div>\n<p><!-- CONTENT END 2 -->\n<\/div>\n","protected":false},"excerpt":{"rendered":"<p>feira.autonoma.vascaina AMANH\u00c3 TEM FAV! Dia 21 de abril, no anivers\u00e1rio de S\u00e3o Janu\u00e1rio, a Feira Aut\u00f4noma Vasca\u00edna estar\u00e1 realizando mais um dia de cultura, pertencimento e vasca\u00ednidade, ali mesmo, em frente a nossa Fachada Hist\u00f3rica. De 11h \u00e0s 18h, com mais de 30 expositores, a Feira traz um dia inteiro de atra\u00e7\u00f5es com samba, rap, &#8230; <a title=\"Feira Aut\u00f4noma Vasca\u00edna acontece nesta 3\u00aa-feira em frente a S\u00e3o Janu\u00e1rio\" class=\"read-more\" href=\"https:\/\/palpite.net\/index.php\/2026\/04\/21\/feira-autonoma-vascaina-acontece-nesta-3a-feira-em-frente-a-sao-januario\/\" aria-label=\"Read more about Feira Aut\u00f4noma Vasca\u00edna acontece nesta 3\u00aa-feira em frente a S\u00e3o Janu\u00e1rio\">Ler mais<\/a><\/p>\n","protected":false},"author":1,"featured_media":0,"comment_status":"","ping_status":"open","sticky":false,"template":"","format":"standard","meta":{"footnotes":""},"categories":[1],"tags":[],"class_list":["post-22182","post","type-post","status-publish","format-standard","hentry","category-blog"],"aioseo_notices":[],"amp_enabled":true,"_links":{"self":[{"href":"https:\/\/palpite.net\/index.php\/wp-json\/wp\/v2\/posts\/22182","targetHints":{"allow":["GET"]}}],"collection":[{"href":"https:\/\/palpite.net\/index.php\/wp-json\/wp\/v2\/posts"}],"about":[{"href":"https:\/\/palpite.net\/index.php\/wp-json\/wp\/v2\/types\/post"}],"author":[{"embeddable":true,"href":"https:\/\/palpite.net\/index.php\/wp-json\/wp\/v2\/users\/1"}],"replies":[{"embeddable":true,"href":"https:\/\/palpite.net\/index.php\/wp-json\/wp\/v2\/comments?post=22182"}],"version-history":[{"count":0,"href":"https:\/\/palpite.net\/index.php\/wp-json\/wp\/v2\/posts\/22182\/revisions"}],"wp:attachment":[{"href":"https:\/\/palpite.net\/index.php\/wp-json\/wp\/v2\/media?parent=22182"}],"wp:term":[{"taxonomy":"category","embeddable":true,"href":"https:\/\/palpite.net\/index.php\/wp-json\/wp\/v2\/categories?post=22182"},{"taxonomy":"post_tag","embeddable":true,"href":"https:\/\/palpite.net\/index.php\/wp-json\/wp\/v2\/tags?post=22182"}],"curies":[{"name":"wp","href":"https:\/\/api.w.org\/{rel}","templated":true}]}}