{"id":22185,"date":"2026-04-21T09:33:49","date_gmt":"2026-04-21T12:33:49","guid":{"rendered":"https:\/\/palpite.net\/index.php\/2026\/04\/21\/prefeitura-de-belem-alinha-planos-de-transito-seguranca-e-ordem-publica-para-paysandu-x-vasco\/"},"modified":"2026-04-21T09:33:49","modified_gmt":"2026-04-21T12:33:49","slug":"prefeitura-de-belem-alinha-planos-de-transito-seguranca-e-ordem-publica-para-paysandu-x-vasco","status":"publish","type":"post","link":"https:\/\/palpite.net\/index.php\/2026\/04\/21\/prefeitura-de-belem-alinha-planos-de-transito-seguranca-e-ordem-publica-para-paysandu-x-vasco\/","title":{"rendered":"Prefeitura de Bel\u00e9m alinha planos de tr\u00e2nsito, seguran\u00e7a e ordem p\u00fablica para Paysandu x Vasco"},"content":{"rendered":"<p><\/p>\n<p>Prefeitura de Bel\u00e9m alinha planos de tr\u00e2nsito, seguran\u00e7a e ordem p\u00fablica para Paysandu x Vasco<\/p>\n<div>Ao menos 20 fiscais da Secretaria Municipal de Desenvolvimento Econ\u00f4mico (Sedcon) v\u00e3o atuar na organiza\u00e7\u00e3o do entorno do est\u00e1dio Mangueir\u00e3o durante a partida entre Paysandu e Vasco da Gama, pela Copa do Brasil, no pr\u00f3ximo dia 21.<\/p>\n<p>Os servidores ser\u00e3o respons\u00e1veis pelo ordenamento dos vendedores ambulantes, pela fiscaliza\u00e7\u00e3o do com\u00e9rcio informal e pela organiza\u00e7\u00e3o dos acessos ao est\u00e1dio. A medida tem como objetivo garantir mais seguran\u00e7a, fluidez e organiza\u00e7\u00e3o para os torcedores antes, durante e ap\u00f3s o jogo.\n<\/p>\n<p>A estrat\u00e9gia segue um modelo que j\u00e1 vem sendo aplicado em grandes eventos esportivos na capital, como os cl\u00e1ssicos Remo x Paysandu e tamb\u00e9m na partida entre Remo e Vasco da Gama pela S\u00e9rie A, no \u00faltimo s\u00e1bado, 11, quando a atua\u00e7\u00e3o integrada contribuiu para melhorar a circula\u00e7\u00e3o e reduzir pontos de desordem no entorno do est\u00e1dio.\n<\/p>\n<p>Para alinhar as a\u00e7\u00f5es, representantes de \u00f3rg\u00e3os municipais e estaduais participaram, nesta ter\u00e7a-feira (14), de uma reuni\u00e3o no Centro Integrado de Comando e Controle (CICC), em que foram definidas as estrat\u00e9gias da opera\u00e7\u00e3o.\n<\/p>\n<p>\u201cA import\u00e2ncia de ter todos esses fiscais \u00e9 garantir o ordenamento e a organiza\u00e7\u00e3o de todas as entradas no entorno do est\u00e1dio. Essa \u00e9 a mesma estrat\u00e9gia utilizada em dias de Re x Pa e que tamb\u00e9m foi adotada no \u00faltimo jogo da S\u00e9rie A, entre Clube do Remo e Vasco da Gama, refor\u00e7ando a efici\u00eancia desse modelo de atua\u00e7\u00e3o\u201d, explicou Murilo Pina, diretor do Departamento de Com\u00e9rcio, Servi\u00e7os e Publicidade da Sedcon.\n<\/p>\n<p>O coordenador de opera\u00e7\u00f5es do Departamento Estadual de Tr\u00e2nsito (Detran), Ivan Feitosa, destacou a atua\u00e7\u00e3o integrada dos \u00f3rg\u00e3os de seguran\u00e7a p\u00fablica.\n<\/p>\n<p>\u201cO Detran estar\u00e1 desde cedo em opera\u00e7\u00e3o integrada com as demais secretarias, atuando para garantir o ir e vir dos torcedores com seguran\u00e7a e fluidez. \u00c9 muito importante o trabalho de organiza\u00e7\u00e3o e fiscaliza\u00e7\u00e3o da Sedcon nesse per\u00edodo, especialmente na organiza\u00e7\u00e3o dos vendedores ambulantes, que contribui diretamente para um ambiente mais ordenado e seguro no entorno do est\u00e1dio.\u201d\n<\/p>\n<p>O gerente de seguran\u00e7a do Paysandu, Murilo Costa, tamb\u00e9m refor\u00e7ou a import\u00e2ncia do planejamento\n<\/p>\n<p>\u201cO Paysandu tem investido fortemente em seguran\u00e7a e buscado constantemente o di\u00e1logo e o alinhamento com os \u00f3rg\u00e3os de seguran\u00e7a p\u00fablica. \u00c9 fundamental que o torcedor se sinta seguro e confort\u00e1vel para levar sua fam\u00edlia ao est\u00e1dio, e para isso \u00e9 necess\u00e1ria toda uma mobiliza\u00e7\u00e3o de estrutura e planejamento integrado.\u201d\n<\/p>\n<p>Fonte: Ag\u00eancia Bel\u00e9m<\/p>\n<\/div>\n","protected":false},"excerpt":{"rendered":"<p>Prefeitura de Bel\u00e9m alinha planos de tr\u00e2nsito, seguran\u00e7a e ordem p\u00fablica para Paysandu x Vasco Ao menos 20 fiscais da Secretaria Municipal de Desenvolvimento Econ\u00f4mico (Sedcon) v\u00e3o atuar na organiza\u00e7\u00e3o do entorno do est\u00e1dio Mangueir\u00e3o durante a partida entre Paysandu e Vasco da Gama, pela Copa do Brasil, no pr\u00f3ximo dia 21. Os servidores ser\u00e3o &#8230; <a title=\"Prefeitura de Bel\u00e9m alinha planos de tr\u00e2nsito, seguran\u00e7a e ordem p\u00fablica para Paysandu x Vasco\" class=\"read-more\" href=\"https:\/\/palpite.net\/index.php\/2026\/04\/21\/prefeitura-de-belem-alinha-planos-de-transito-seguranca-e-ordem-publica-para-paysandu-x-vasco\/\" aria-label=\"Read more about Prefeitura de Bel\u00e9m alinha planos de tr\u00e2nsito, seguran\u00e7a e ordem p\u00fablica para Paysandu x Vasco\">Ler mais<\/a><\/p>\n","protected":false},"author":1,"featured_media":0,"comment_status":"","ping_status":"open","sticky":false,"template":"","format":"standard","meta":{"footnotes":""},"categories":[1],"tags":[],"class_list":["post-22185","post","type-post","status-publish","format-standard","hentry","category-blog"],"aioseo_notices":[],"amp_enabled":true,"_links":{"self":[{"href":"https:\/\/palpite.net\/index.php\/wp-json\/wp\/v2\/posts\/22185","targetHints":{"allow":["GET"]}}],"collection":[{"href":"https:\/\/palpite.net\/index.php\/wp-json\/wp\/v2\/posts"}],"about":[{"href":"https:\/\/palpite.net\/index.php\/wp-json\/wp\/v2\/types\/post"}],"author":[{"embeddable":true,"href":"https:\/\/palpite.net\/index.php\/wp-json\/wp\/v2\/users\/1"}],"replies":[{"embeddable":true,"href":"https:\/\/palpite.net\/index.php\/wp-json\/wp\/v2\/comments?post=22185"}],"version-history":[{"count":0,"href":"https:\/\/palpite.net\/index.php\/wp-json\/wp\/v2\/posts\/22185\/revisions"}],"wp:attachment":[{"href":"https:\/\/palpite.net\/index.php\/wp-json\/wp\/v2\/media?parent=22185"}],"wp:term":[{"taxonomy":"category","embeddable":true,"href":"https:\/\/palpite.net\/index.php\/wp-json\/wp\/v2\/categories?post=22185"},{"taxonomy":"post_tag","embeddable":true,"href":"https:\/\/palpite.net\/index.php\/wp-json\/wp\/v2\/tags?post=22185"}],"curies":[{"name":"wp","href":"https:\/\/api.w.org\/{rel}","templated":true}]}}