{"id":22261,"date":"2026-04-23T11:40:07","date_gmt":"2026-04-23T14:40:07","guid":{"rendered":"https:\/\/palpite.net\/index.php\/2026\/04\/23\/beach-soccer-treinador-cesinha-projeta-a-participacao-do-vasco-na-libertadores\/"},"modified":"2026-04-23T11:40:07","modified_gmt":"2026-04-23T14:40:07","slug":"beach-soccer-treinador-cesinha-projeta-a-participacao-do-vasco-na-libertadores","status":"publish","type":"post","link":"https:\/\/palpite.net\/index.php\/2026\/04\/23\/beach-soccer-treinador-cesinha-projeta-a-participacao-do-vasco-na-libertadores\/","title":{"rendered":"Beach Soccer: Treinador Cesinha projeta a participa\u00e7\u00e3o do Vasco na Libertadores"},"content":{"rendered":"<p><\/p>\n<div>\n<p>Beach Soccer: Treinador Cesinha projeta a participa\u00e7\u00e3o do Vasco na Libertadores<\/p>\n<div>crvasco_br<\/p>\n<p>Vis\u00e3o de quem comanda. \ud83e\udee1\ud83d\udca2\n<\/p>\n<p>Na sequ\u00eancia da nossa s\u00e9rie de prepara\u00e7\u00e3o para a Libertadores, o treinador @cesinhasegismundo detalha o que est\u00e1 por tr\u00e1s da constru\u00e7\u00e3o do Vasco dentro da areia, as escolhas, os ajustes e o que sustenta o time em um cen\u00e1rio de alto n\u00edvel.\n<\/p>\n<p>A caminhada segue. E o Vasco sabe o que precisa fazer. \ud83d\udcad\ud83c\udfc6\n<\/p>\n<p><iframe class=\"embed-responsive-item\" allowfullscreen=\"\" sandbox=\"allow-scripts\" src=\"https:\/\/www.netvasco.com.br\/news\/noticias16\/arquivos\/20260422-195502-1-1-.mp4\"><\/iframe><\/p>\n<p>Fonte: Instagram oficial do Vasco<\/p>\n<\/div>\n<p><!-- CONTENT END 2 -->\n<\/div>\n","protected":false},"excerpt":{"rendered":"<p>Beach Soccer: Treinador Cesinha projeta a participa\u00e7\u00e3o do Vasco na Libertadores crvasco_br Vis\u00e3o de quem comanda. \ud83e\udee1\ud83d\udca2 Na sequ\u00eancia da nossa s\u00e9rie de prepara\u00e7\u00e3o para a Libertadores, o treinador @cesinhasegismundo detalha o que est\u00e1 por tr\u00e1s da constru\u00e7\u00e3o do Vasco dentro da areia, as escolhas, os ajustes e o que sustenta o time em um &#8230; <a title=\"Beach Soccer: Treinador Cesinha projeta a participa\u00e7\u00e3o do Vasco na Libertadores\" class=\"read-more\" href=\"https:\/\/palpite.net\/index.php\/2026\/04\/23\/beach-soccer-treinador-cesinha-projeta-a-participacao-do-vasco-na-libertadores\/\" aria-label=\"Read more about Beach Soccer: Treinador Cesinha projeta a participa\u00e7\u00e3o do Vasco na Libertadores\">Ler mais<\/a><\/p>\n","protected":false},"author":1,"featured_media":0,"comment_status":"","ping_status":"open","sticky":false,"template":"","format":"standard","meta":{"footnotes":""},"categories":[1],"tags":[],"class_list":["post-22261","post","type-post","status-publish","format-standard","hentry","category-blog"],"aioseo_notices":[],"amp_enabled":true,"_links":{"self":[{"href":"https:\/\/palpite.net\/index.php\/wp-json\/wp\/v2\/posts\/22261","targetHints":{"allow":["GET"]}}],"collection":[{"href":"https:\/\/palpite.net\/index.php\/wp-json\/wp\/v2\/posts"}],"about":[{"href":"https:\/\/palpite.net\/index.php\/wp-json\/wp\/v2\/types\/post"}],"author":[{"embeddable":true,"href":"https:\/\/palpite.net\/index.php\/wp-json\/wp\/v2\/users\/1"}],"replies":[{"embeddable":true,"href":"https:\/\/palpite.net\/index.php\/wp-json\/wp\/v2\/comments?post=22261"}],"version-history":[{"count":0,"href":"https:\/\/palpite.net\/index.php\/wp-json\/wp\/v2\/posts\/22261\/revisions"}],"wp:attachment":[{"href":"https:\/\/palpite.net\/index.php\/wp-json\/wp\/v2\/media?parent=22261"}],"wp:term":[{"taxonomy":"category","embeddable":true,"href":"https:\/\/palpite.net\/index.php\/wp-json\/wp\/v2\/categories?post=22261"},{"taxonomy":"post_tag","embeddable":true,"href":"https:\/\/palpite.net\/index.php\/wp-json\/wp\/v2\/tags?post=22261"}],"curies":[{"name":"wp","href":"https:\/\/api.w.org\/{rel}","templated":true}]}}