{"id":22264,"date":"2026-04-23T13:43:29","date_gmt":"2026-04-23T16:43:29","guid":{"rendered":"https:\/\/palpite.net\/index.php\/2026\/04\/23\/vasco-faz-publicacao-por-ocasiao-do-dia-de-sao-jorge-padroeiro-do-infanto-juvenil-do-clube\/"},"modified":"2026-04-23T13:43:29","modified_gmt":"2026-04-23T16:43:29","slug":"vasco-faz-publicacao-por-ocasiao-do-dia-de-sao-jorge-padroeiro-do-infanto-juvenil-do-clube","status":"publish","type":"post","link":"https:\/\/palpite.net\/index.php\/2026\/04\/23\/vasco-faz-publicacao-por-ocasiao-do-dia-de-sao-jorge-padroeiro-do-infanto-juvenil-do-clube\/","title":{"rendered":"Vasco faz publica\u00e7\u00e3o por ocasi\u00e3o do Dia de S\u00e3o Jorge, padroeiro do infanto-juvenil do clube"},"content":{"rendered":"<p><\/p>\n<div>\n<p>Vasco faz publica\u00e7\u00e3o por ocasi\u00e3o do Dia de S\u00e3o Jorge, padroeiro do infanto-juvenil do clube<\/p>\n<div>crvasco_br<\/p>\n<p>Salve, Jorge! \u2694\ufe0f\ud83d\udca2\n<\/p>\n<p>Hoje \u00e9 dia de honrar quem protege e inspira as futuras gera\u00e7\u00f5es do Gigante.\n<\/p>\n<p>S\u00e3o Jorge, s\u00edmbolo de coragem, f\u00e9 e luta, \u00e9 o padroeiro do nosso infanto-juvenil, a base que carrega o presente e constr\u00f3i o futuro do Vasco.\n<\/p>\n<p>Que nunca falte garra, identidade e a cruz no peito.<\/p>\n<p>Porque ser Vasco nasce desde cedo.\n<\/p>\n<p>\u00c9 o Vasco.<\/p>\n<p>Crias da Colina.\n<\/p>\n<p>#SalveJorge #VascoDaGama #CriasDaColina #GiganteDaColina\n<\/p>\n<p>Fonte: Instagram oficial do Vasco<\/p>\n<\/div>\n<p><!-- CONTENT END 2 -->\n<\/div>\n","protected":false},"excerpt":{"rendered":"<p>Vasco faz publica\u00e7\u00e3o por ocasi\u00e3o do Dia de S\u00e3o Jorge, padroeiro do infanto-juvenil do clube crvasco_br Salve, Jorge! \u2694\ufe0f\ud83d\udca2 Hoje \u00e9 dia de honrar quem protege e inspira as futuras gera\u00e7\u00f5es do Gigante. S\u00e3o Jorge, s\u00edmbolo de coragem, f\u00e9 e luta, \u00e9 o padroeiro do nosso infanto-juvenil, a base que carrega o presente e constr\u00f3i &#8230; <a title=\"Vasco faz publica\u00e7\u00e3o por ocasi\u00e3o do Dia de S\u00e3o Jorge, padroeiro do infanto-juvenil do clube\" class=\"read-more\" href=\"https:\/\/palpite.net\/index.php\/2026\/04\/23\/vasco-faz-publicacao-por-ocasiao-do-dia-de-sao-jorge-padroeiro-do-infanto-juvenil-do-clube\/\" aria-label=\"Read more about Vasco faz publica\u00e7\u00e3o por ocasi\u00e3o do Dia de S\u00e3o Jorge, padroeiro do infanto-juvenil do clube\">Ler mais<\/a><\/p>\n","protected":false},"author":1,"featured_media":0,"comment_status":"","ping_status":"open","sticky":false,"template":"","format":"standard","meta":{"footnotes":""},"categories":[1],"tags":[],"class_list":["post-22264","post","type-post","status-publish","format-standard","hentry","category-blog"],"aioseo_notices":[],"amp_enabled":true,"_links":{"self":[{"href":"https:\/\/palpite.net\/index.php\/wp-json\/wp\/v2\/posts\/22264","targetHints":{"allow":["GET"]}}],"collection":[{"href":"https:\/\/palpite.net\/index.php\/wp-json\/wp\/v2\/posts"}],"about":[{"href":"https:\/\/palpite.net\/index.php\/wp-json\/wp\/v2\/types\/post"}],"author":[{"embeddable":true,"href":"https:\/\/palpite.net\/index.php\/wp-json\/wp\/v2\/users\/1"}],"replies":[{"embeddable":true,"href":"https:\/\/palpite.net\/index.php\/wp-json\/wp\/v2\/comments?post=22264"}],"version-history":[{"count":0,"href":"https:\/\/palpite.net\/index.php\/wp-json\/wp\/v2\/posts\/22264\/revisions"}],"wp:attachment":[{"href":"https:\/\/palpite.net\/index.php\/wp-json\/wp\/v2\/media?parent=22264"}],"wp:term":[{"taxonomy":"category","embeddable":true,"href":"https:\/\/palpite.net\/index.php\/wp-json\/wp\/v2\/categories?post=22264"},{"taxonomy":"post_tag","embeddable":true,"href":"https:\/\/palpite.net\/index.php\/wp-json\/wp\/v2\/tags?post=22264"}],"curies":[{"name":"wp","href":"https:\/\/api.w.org\/{rel}","templated":true}]}}