{"id":22265,"date":"2026-04-23T14:24:22","date_gmt":"2026-04-23T17:24:22","guid":{"rendered":"https:\/\/palpite.net\/index.php\/2026\/04\/23\/evander-sobre-ser-o-maior-artilheiro-brasileiro-da-mls-aconteceu-naturalmente-nunca-foi-meu-foco-buscar-isso\/"},"modified":"2026-04-23T14:24:22","modified_gmt":"2026-04-23T17:24:22","slug":"evander-sobre-ser-o-maior-artilheiro-brasileiro-da-mls-aconteceu-naturalmente-nunca-foi-meu-foco-buscar-isso","status":"publish","type":"post","link":"https:\/\/palpite.net\/index.php\/2026\/04\/23\/evander-sobre-ser-o-maior-artilheiro-brasileiro-da-mls-aconteceu-naturalmente-nunca-foi-meu-foco-buscar-isso\/","title":{"rendered":"Evander, sobre ser o maior artilheiro brasileiro da MLS: &#8216;Aconteceu naturalmente, nunca foi meu foco buscar isso&#8217;"},"content":{"rendered":"<p><\/p>\n<p>Evander, sobre ser o maior artilheiro brasileiro da MLS: \u2018Aconteceu naturalmente, nunca foi meu foco buscar isso\u2019<\/p>\n<div><center><\/p>\n<p><iframe class=\"embed-responsive-item\" allowfullscreen=\"\" src=\"https:\/\/s.videos.globo.com\/p3\/amp\/index.html?videosids=13881641\"><\/iframe><\/p>\n<p>Ex-Vasco, Evander relembra duelo com Messi: \u201cFicar\u00e1 marcado na minha carreira\u201d<\/p>\n<p><\/center><\/p>\n<p>Evander\u00a0entrou para a hist\u00f3ria da Major League Soccer (MLS), maior liga de futebol dos Estados Unidos. Revelado pelo Vasco e h\u00e1 tr\u00eas temporadas no pa\u00eds, o meia se tornou o brasileiro com mais gols na hist\u00f3ria da liga ao chegar a 43, no empate do Cincinnati com o Chicago Fire. Em entrevista ao ge, o jogador comemorou o feito e admitiu que n\u00e3o tratava o recorde como um objetivo.\n<\/p>\n<p>\u2013 Eu me sinto muito feliz, muito honrado. N\u00e3o esperava. Desde que cheguei \u00e0 liga, nunca imaginei que eu poderia alcan\u00e7ar essa marca. Ent\u00e3o foi uma coisa que aconteceu naturalmente, nunca foi meu foco buscar isso \u2013 afirmou.\n<\/p>\n<p>Com o gol, Evander superou W\u00e9lton, ex-Fluminense, que atuou na MLS entre 1996 e 2000 e somou 42 gols. Na sequ\u00eancia da lista aparecem Camilo Sanvezzo (39), Jo\u00e3o Klauss (27) e H\u00e9ber, Gabriel Pec \u2013 tamb\u00e9m revelado pelo Vasco \u2013 e Brenner, com 26 gols.\n<\/p>\n<p>Meia de origem, Evander tem n\u00fameros de atacante nos \u00faltimos anos nos Estados Unidos \u2013 onde atuou no Portland e no Cincinnati. Na \u00faltima temporada, viveu seu melhor momento na MLS, com 22 gols em 43 jogos. O pr\u00f3prio jogador brincou com o car\u00e1ter incomum por conta da posi\u00e7\u00e3o, e relembrou que seu primeiro gol na competi\u00e7\u00e3o tamb\u00e9m foi importante.\n<\/p>\n<p><center><\/p>\n<p><iframe class=\"embed-responsive-item\" allowfullscreen=\"\" src=\"https:\/\/s.videos.globo.com\/p3\/amp\/index.html?videosids=12954258\"><\/iframe><\/p>\n<p>Evander lembra sua rela\u00e7\u00e3o com o Vasco<\/p>\n<p><\/center><\/p>\n<p>\u2013\u00a0\u00c9 bom fazer gol, n\u00e9? \u00c9 bom poder balan\u00e7ar as redes. Todo gol tem um gostinho especial. \u00c9 claro que meu primeiro na liga, quando eu cheguei, foi diferente, porque saiu logo r\u00e1pido, j\u00e1 no meu segundo jogo. E acho que esse \u00faltimo tamb\u00e9m foi um gol que, como eu estava alguns jogos sem fazer, e as coisas n\u00e3o estavam se encaixando\u2026 Foi um pouquinho diferente tamb\u00e9m, e foi um gol que alcan\u00e7ou a marca\u00a0\u2013 disse o brasileiro.\n<\/p>\n<p>O gol que colocou Evander no topo da MLS veio em um momento importante para o brasileiro, que chegou a ficar fora por duas semanas no in\u00edcio da temporada por conta de uma les\u00e3o.\u00a0Nos \u00faltimos anos, o ex-Vasco tem sido destaque nos Estados Unidos, e relembra que o pa\u00eds n\u00e3o era o plano de carreira, mas comemora o que tem acontecido.\n<\/p>\n<p>\u2013 Quando eu sa\u00ed do Brasil, fui pra uma equipe de m\u00e9dio escal\u00e3o no futebol europeu. Apesar de ter feito uma boa passagem no Midtjylland, acabou que as coisas n\u00e3o aconteceram e Deus me trouxe para a MLS. Eu nunca\u00a0imaginava vir pra MLS, nunca tinha passado na minha cabe\u00e7a, mas hoje eu estou feliz aqui. Mas como eu disse, nunca com o objetivo de chegar a essa marca \u2013 explicou Evander.\n<\/p>\n<p>Al\u00e9m da \u00faltima temporada goleadora, citada anteriormente, o brasileiro em 2024 chegou a ser um dos escolhidos para integrar a sele\u00e7\u00e3o da MLS. O jogador tem contrato com o Cincinnati at\u00e9 2027, mas com op\u00e7\u00e3o para renovar por mais um ano.\n<\/p>\n<p>Fonte: ge<\/p>\n<\/div>\n","protected":false},"excerpt":{"rendered":"<p>Evander, sobre ser o maior artilheiro brasileiro da MLS: \u2018Aconteceu naturalmente, nunca foi meu foco buscar isso\u2019 Ex-Vasco, Evander relembra duelo com Messi: \u201cFicar\u00e1 marcado na minha carreira\u201d Evander\u00a0entrou para a hist\u00f3ria da Major League Soccer (MLS), maior liga de futebol dos Estados Unidos. Revelado pelo Vasco e h\u00e1 tr\u00eas temporadas no pa\u00eds, o meia &#8230; <a title=\"Evander, sobre ser o maior artilheiro brasileiro da MLS: &#8216;Aconteceu naturalmente, nunca foi meu foco buscar isso&#8217;\" class=\"read-more\" href=\"https:\/\/palpite.net\/index.php\/2026\/04\/23\/evander-sobre-ser-o-maior-artilheiro-brasileiro-da-mls-aconteceu-naturalmente-nunca-foi-meu-foco-buscar-isso\/\" aria-label=\"Read more about Evander, sobre ser o maior artilheiro brasileiro da MLS: &#8216;Aconteceu naturalmente, nunca foi meu foco buscar isso&#8217;\">Ler mais<\/a><\/p>\n","protected":false},"author":1,"featured_media":0,"comment_status":"","ping_status":"open","sticky":false,"template":"","format":"standard","meta":{"footnotes":""},"categories":[1],"tags":[],"class_list":["post-22265","post","type-post","status-publish","format-standard","hentry","category-blog"],"aioseo_notices":[],"amp_enabled":true,"_links":{"self":[{"href":"https:\/\/palpite.net\/index.php\/wp-json\/wp\/v2\/posts\/22265","targetHints":{"allow":["GET"]}}],"collection":[{"href":"https:\/\/palpite.net\/index.php\/wp-json\/wp\/v2\/posts"}],"about":[{"href":"https:\/\/palpite.net\/index.php\/wp-json\/wp\/v2\/types\/post"}],"author":[{"embeddable":true,"href":"https:\/\/palpite.net\/index.php\/wp-json\/wp\/v2\/users\/1"}],"replies":[{"embeddable":true,"href":"https:\/\/palpite.net\/index.php\/wp-json\/wp\/v2\/comments?post=22265"}],"version-history":[{"count":0,"href":"https:\/\/palpite.net\/index.php\/wp-json\/wp\/v2\/posts\/22265\/revisions"}],"wp:attachment":[{"href":"https:\/\/palpite.net\/index.php\/wp-json\/wp\/v2\/media?parent=22265"}],"wp:term":[{"taxonomy":"category","embeddable":true,"href":"https:\/\/palpite.net\/index.php\/wp-json\/wp\/v2\/categories?post=22265"},{"taxonomy":"post_tag","embeddable":true,"href":"https:\/\/palpite.net\/index.php\/wp-json\/wp\/v2\/tags?post=22265"}],"curies":[{"name":"wp","href":"https:\/\/api.w.org\/{rel}","templated":true}]}}