{"id":22278,"date":"2026-04-23T21:58:58","date_gmt":"2026-04-24T00:58:58","guid":{"rendered":"https:\/\/palpite.net\/index.php\/2026\/04\/23\/ex-zagueiro-wescley-relembra-trajetoria-no-vasco-veja-video\/"},"modified":"2026-04-23T21:58:58","modified_gmt":"2026-04-24T00:58:58","slug":"ex-zagueiro-wescley-relembra-trajetoria-no-vasco-veja-video","status":"publish","type":"post","link":"https:\/\/palpite.net\/index.php\/2026\/04\/23\/ex-zagueiro-wescley-relembra-trajetoria-no-vasco-veja-video\/","title":{"rendered":"Ex-zagueiro Wescley relembra trajet\u00f3ria no Vasco; veja v\u00eddeo"},"content":{"rendered":"<p><\/p>\n<div>\n<div>Entrevista Wescley \u2013 Ex-Zagueiro do Vasco e Cria da Colina Gera\u00e7\u00e3o 84 -Hist\u00f3rias do Vasco #006<\/p>\n<p>In\u00edcio em 1996:\n<\/p>\n<p>A chegada ao clube ainda menino e a adapta\u00e7\u00e3o \u00e0 rotina de S\u00e3o Janu\u00e1rio.\n<\/p>\n<p>A estrutura de forma\u00e7\u00e3o do Vasco nos anos 90.\n<\/p>\n<p>A Lideran\u00e7a na Gera\u00e7\u00e3o 84:\n<\/p>\n<p>Como era manter o foco e a disciplina em um grupo que n\u00e3o conhecia a derrota.\n<\/p>\n<p>A for\u00e7a mental necess\u00e1ria para carregar a bra\u00e7adeira de capit\u00e3o de um time de base hist\u00f3rico.\n<\/p>\n<p>O Salto para o Profissional (2003-2004):\n<\/p>\n<p>O impacto de sair da base e entrar em um vesti\u00e1rio repleto de estrelas consagradas.\n<\/p>\n<p>A recep\u00e7\u00e3o dos veteranos e o aprendizado di\u00e1rio com os grandes nomes do futebol brasileiro.\n<\/p>\n<p>Enfrentando os Craques no Treino:\n<\/p>\n<p>Como era marcar Edmundo e Valdir Bigode no dia a dia.\n<\/p>\n<p>A exig\u00eancia t\u00e9cnica de jogar ao lado de mestres como Petkovic e Marcelinho Carioca.\n<\/p>\n<p>Identidade e Gratid\u00e3o:\n<\/p>\n<p>A rela\u00e7\u00e3o de Wescley com a torcida e o orgulho de ter feito parte da hist\u00f3ria do Cruzmaltino.\n<\/p>\n<p>O legado da Gera\u00e7\u00e3o 84 para as futuras fornadas de talentos do clube.\n<\/p>\n<p>#netvasco #supervasco @netvasco3841 #vasco #noticiasdovasco #bastidoresdovasco #entrevistavasco #wescley #vasc\u00e3o #vascao #vascodagama #noticiasdovascodagama #vascodagamanews #vascaino #vasca\u00edno #saojanuario #resenha #resenhafutebol #vascofans #entrevistaexclusiva #resenhavasco #entrevistavasco\n<\/p>\n<p><center><\/p>\n<p><iframe loading=\"lazy\" title=\"Entrevista Wescley - Ex-Zagueiro do Vasco e Cria da Colina Gera\u00e7\u00e3o 84 -Hist\u00f3rias do Vasco #006\" width=\"1200\" height=\"675\" src=\"https:\/\/www.youtube.com\/embed\/m6C5FZeecJE?feature=oembed\" frameborder=\"0\" allow=\"accelerometer; autoplay; clipboard-write; encrypted-media; gyroscope; picture-in-picture; web-share\" referrerpolicy=\"strict-origin-when-cross-origin\" allowfullscreen><\/iframe><\/p>\n<p><\/center><\/p>\n<p>Fonte: Youtube Bastidores da Colina<\/p>\n<\/div>\n<p><!-- CONTENT END 2 -->\n<\/div>\n","protected":false},"excerpt":{"rendered":"<p>Entrevista Wescley \u2013 Ex-Zagueiro do Vasco e Cria da Colina Gera\u00e7\u00e3o 84 -Hist\u00f3rias do Vasco #006 In\u00edcio em 1996: A chegada ao clube ainda menino e a adapta\u00e7\u00e3o \u00e0 rotina de S\u00e3o Janu\u00e1rio. A estrutura de forma\u00e7\u00e3o do Vasco nos anos 90. A Lideran\u00e7a na Gera\u00e7\u00e3o 84: Como era manter o foco e a disciplina &#8230; <a title=\"Ex-zagueiro Wescley relembra trajet\u00f3ria no Vasco; veja v\u00eddeo\" class=\"read-more\" href=\"https:\/\/palpite.net\/index.php\/2026\/04\/23\/ex-zagueiro-wescley-relembra-trajetoria-no-vasco-veja-video\/\" aria-label=\"Read more about Ex-zagueiro Wescley relembra trajet\u00f3ria no Vasco; veja v\u00eddeo\">Ler mais<\/a><\/p>\n","protected":false},"author":1,"featured_media":0,"comment_status":"","ping_status":"open","sticky":false,"template":"","format":"standard","meta":{"footnotes":""},"categories":[1],"tags":[],"class_list":["post-22278","post","type-post","status-publish","format-standard","hentry","category-blog"],"aioseo_notices":[],"amp_enabled":true,"_links":{"self":[{"href":"https:\/\/palpite.net\/index.php\/wp-json\/wp\/v2\/posts\/22278","targetHints":{"allow":["GET"]}}],"collection":[{"href":"https:\/\/palpite.net\/index.php\/wp-json\/wp\/v2\/posts"}],"about":[{"href":"https:\/\/palpite.net\/index.php\/wp-json\/wp\/v2\/types\/post"}],"author":[{"embeddable":true,"href":"https:\/\/palpite.net\/index.php\/wp-json\/wp\/v2\/users\/1"}],"replies":[{"embeddable":true,"href":"https:\/\/palpite.net\/index.php\/wp-json\/wp\/v2\/comments?post=22278"}],"version-history":[{"count":0,"href":"https:\/\/palpite.net\/index.php\/wp-json\/wp\/v2\/posts\/22278\/revisions"}],"wp:attachment":[{"href":"https:\/\/palpite.net\/index.php\/wp-json\/wp\/v2\/media?parent=22278"}],"wp:term":[{"taxonomy":"category","embeddable":true,"href":"https:\/\/palpite.net\/index.php\/wp-json\/wp\/v2\/categories?post=22278"},{"taxonomy":"post_tag","embeddable":true,"href":"https:\/\/palpite.net\/index.php\/wp-json\/wp\/v2\/tags?post=22278"}],"curies":[{"name":"wp","href":"https:\/\/api.w.org\/{rel}","templated":true}]}}