{"id":22296,"date":"2026-04-24T09:38:45","date_gmt":"2026-04-24T12:38:45","guid":{"rendered":"https:\/\/palpite.net\/index.php\/2026\/04\/24\/jornalista-carol-barcellos-fala-sobre-a-sua-relacao-com-o-vasco-veja-video\/"},"modified":"2026-04-24T09:38:45","modified_gmt":"2026-04-24T12:38:45","slug":"jornalista-carol-barcellos-fala-sobre-a-sua-relacao-com-o-vasco-veja-video","status":"publish","type":"post","link":"https:\/\/palpite.net\/index.php\/2026\/04\/24\/jornalista-carol-barcellos-fala-sobre-a-sua-relacao-com-o-vasco-veja-video\/","title":{"rendered":"Jornalista Carol Barcellos fala sobre a sua rela\u00e7\u00e3o com o Vasco; veja v\u00eddeo"},"content":{"rendered":"<p><\/p>\n<div>\n<div>\n<p>Jornalista Carol Barcellos fala sobre a sua rela\u00e7\u00e3o com o Vasco; veja v\u00eddeo<\/p>\n<p>Sexta-feira, 24\/04\/2026  \u2013 07:22<\/p>\n<div class=\"corpo\">CAROL BARCELLOS FALA SOBRE A RELA\u00c7\u00c3O COM O VASCO E COMO ENXERGA O MOMENTO DO TIME | CORTES DO COLINA<br \/>\n<center><\/p>\n<p><iframe loading=\"lazy\" title=\"CAROL BARCELLOS FALA SOBRE A RELA\u00c7\u00c3O COM O VASCO E COMO ENXERGA O MOMENTO DO TIME | CORTES DO COLINA\" width=\"1200\" height=\"900\" src=\"https:\/\/www.youtube.com\/embed\/pWEvSjGMNeA?feature=oembed\" frameborder=\"0\" allow=\"accelerometer; autoplay; clipboard-write; encrypted-media; gyroscope; picture-in-picture; web-share\" referrerpolicy=\"strict-origin-when-cross-origin\" allowfullscreen><\/iframe><\/p>\n<p><\/center><\/p>\n<p>COLINA CONVIDA \u2013 CAROL BARCELLOS | VASCO VENCE MAS N\u00c3O CONVENCE\n<\/p>\n<p><center><\/p>\n<p><iframe loading=\"lazy\" title=\"COLINA CONVIDA - CAROL BARCELLOS | VASCO VENCE MAS N\u00c3O CONVENCE\" width=\"1200\" height=\"675\" src=\"https:\/\/www.youtube.com\/embed\/STHpcrVYqf0?feature=oembed\" frameborder=\"0\" allow=\"accelerometer; autoplay; clipboard-write; encrypted-media; gyroscope; picture-in-picture; web-share\" referrerpolicy=\"strict-origin-when-cross-origin\" allowfullscreen><\/iframe><\/p>\n<p><\/center><\/p>\n<p>Fonte: Youtube Colina em Foco <\/p>\n<\/div>\n<\/div>\n<p><!-- CONTENT END 2 -->\n<\/div>\n","protected":false},"excerpt":{"rendered":"<p>Jornalista Carol Barcellos fala sobre a sua rela\u00e7\u00e3o com o Vasco; veja v\u00eddeo Sexta-feira, 24\/04\/2026 \u2013 07:22 CAROL BARCELLOS FALA SOBRE A RELA\u00c7\u00c3O COM O VASCO E COMO ENXERGA O MOMENTO DO TIME | CORTES DO COLINA COLINA CONVIDA \u2013 CAROL BARCELLOS | VASCO VENCE MAS N\u00c3O CONVENCE Fonte: Youtube Colina em Foco<\/p>\n","protected":false},"author":1,"featured_media":0,"comment_status":"","ping_status":"open","sticky":false,"template":"","format":"standard","meta":{"footnotes":""},"categories":[1],"tags":[],"class_list":["post-22296","post","type-post","status-publish","format-standard","hentry","category-blog"],"aioseo_notices":[],"amp_enabled":true,"_links":{"self":[{"href":"https:\/\/palpite.net\/index.php\/wp-json\/wp\/v2\/posts\/22296","targetHints":{"allow":["GET"]}}],"collection":[{"href":"https:\/\/palpite.net\/index.php\/wp-json\/wp\/v2\/posts"}],"about":[{"href":"https:\/\/palpite.net\/index.php\/wp-json\/wp\/v2\/types\/post"}],"author":[{"embeddable":true,"href":"https:\/\/palpite.net\/index.php\/wp-json\/wp\/v2\/users\/1"}],"replies":[{"embeddable":true,"href":"https:\/\/palpite.net\/index.php\/wp-json\/wp\/v2\/comments?post=22296"}],"version-history":[{"count":0,"href":"https:\/\/palpite.net\/index.php\/wp-json\/wp\/v2\/posts\/22296\/revisions"}],"wp:attachment":[{"href":"https:\/\/palpite.net\/index.php\/wp-json\/wp\/v2\/media?parent=22296"}],"wp:term":[{"taxonomy":"category","embeddable":true,"href":"https:\/\/palpite.net\/index.php\/wp-json\/wp\/v2\/categories?post=22296"},{"taxonomy":"post_tag","embeddable":true,"href":"https:\/\/palpite.net\/index.php\/wp-json\/wp\/v2\/tags?post=22296"}],"curies":[{"name":"wp","href":"https:\/\/api.w.org\/{rel}","templated":true}]}}