{"id":22312,"date":"2026-04-24T19:13:24","date_gmt":"2026-04-24T22:13:24","guid":{"rendered":"https:\/\/palpite.net\/index.php\/2026\/04\/24\/sub-17-vasco-posta-fotos-do-treino-desta-6a-feira\/"},"modified":"2026-04-24T19:13:24","modified_gmt":"2026-04-24T22:13:24","slug":"sub-17-vasco-posta-fotos-do-treino-desta-6a-feira","status":"publish","type":"post","link":"https:\/\/palpite.net\/index.php\/2026\/04\/24\/sub-17-vasco-posta-fotos-do-treino-desta-6a-feira\/","title":{"rendered":"Sub-17: Vasco posta fotos do treino desta 6\u00aa-feira"},"content":{"rendered":"<p><\/p>\n<div>\n<div class=\"code-block code-block-15\" style=\"margin: 8px 0; clear: both;\">\n SIGA NOSSO CANAL NO WHATSAPP  &lt;<br \/>\n<\/p>\n<p><strong>SIGA-NOS<\/strong>  <\/div>\n<div class=\"code-block code-block-9\" style=\"margin: 8px auto; text-align: center; display: block; clear: both;\">\n<p><!-- AMP --><br \/>\n<amp-ad width=\"100vw\" height=\"320\" type=\"adsense\" data-ad-client=\"ca-pub-9463444472301664\" data-ad-slot=\"2740239170\" data-auto-format=\"rspv\" data-full-width=\"\"><\/p>\n<p><\/amp-ad><\/div>\n<p>vascobase<\/p>\n<div class=\"code-block code-block-7\" style=\"margin: 8px auto; text-align: center; display: block; clear: both;\">\n<div style=\"position:fixed;left:1%;bottom:1%;z-index:99999999;\"><\/div>\n<\/div>\n<p>Meu Sub-17 encerrou a prepara\u00e7\u00e3o para enfrentar o Fluminense pela Ta\u00e7a Guanabara, neste s\u00e1bado, \u00e0s 10h! \u2611\ufe0f<\/p>\n<div class=\"code-block code-block-10\" style=\"margin: 8px auto; text-align: center; display: block; clear: both;\">\n<p><!-- AMP --><br \/>\n<amp-ad width=\"100vw\" height=\"320\" type=\"adsense\" data-ad-client=\"ca-pub-9463444472301664\" data-ad-slot=\"2740239170\" data-auto-format=\"rspv\" data-full-width=\"\"><\/p>\n<p><\/amp-ad><br \/>\n<amp-ad layout=\"fixed\" width=\"336\" height=\"280\" type=\"adsense\" data-ad-client=\"ca-pub-9463444472301664\" data-ad-slot=\"3283796203\"><br \/>\n<\/amp-ad><\/div>\n<div class=\"code-block code-block-3\" style=\"margin: 8px 0; clear: both;\">\n<strong>SIGA-NOS<\/strong> <\/p>\n<div class=\"code-block code-block-14\" style=\"margin: 8px auto; text-align: center; display: block; clear: both;\">\n<amp-ad width=\"100vw\" height=\"320\" type=\"adsense\" data-ad-client=\"ca-pub-9463444472301664\" data-ad-slot=\"2740239170\" data-auto-format=\"rspv\" data-full-width=\"\"><\/p>\n<p><\/amp-ad><\/div>\n<p><!--\n\n--><\/div>\n<p>\ud83d\udcf8 Dikran Sahagian | #VascoDaGama <\/p>\n<div class=\"code-block code-block-4\" style=\"margin: 8px 0; clear: both;\">\n SIGA NOSSO CANAL DO WHATSAPP E FIQUE LIGADO NAS NOTICIAS DO VASCO <\/p>\n<hr>\n<p><amp-ad width=\"100vw\" height=\"320\" type=\"adsense\" data-ad-client=\"ca-pub-9463444472301664\" data-ad-slot=\"2740239170\" data-auto-format=\"rspv\" data-full-width=\"\"><\/p>\n<p><\/amp-ad><\/div>\n<p>#CriasDaColina<\/p>\n<p>#VascoDaGama<\/p>\n<div class=\"code-block code-block-11\" style=\"margin: 8px auto; text-align: center; display: block; clear: both;\">\n<amp-ad layout=\"fixed\" width=\"336\" height=\"280\" type=\"adsense\" data-ad-client=\"ca-pub-9463444472301664\" data-ad-slot=\"3283796203\"><br \/>\n<\/amp-ad><\/div>\n<div id=\"galeria2 list-group gallery\" class=\"galeria\">\n<table>\n<tr>\n<td><\/td>\n<td><\/td>\n<td><\/td>\n<\/tr>\n<tr>\n<td><\/td>\n<td><\/td>\n<td><\/td>\n<\/tr>\n<tr><\/tr>\n<\/table>\n<\/div>\n<p>Fonte: Instagram Vasco Base<\/p>\n<p><!-- CONTENT END 2 -->\n<\/div>\n","protected":false},"excerpt":{"rendered":"<p>SIGA NOSSO CANAL NO WHATSAPP &lt; SIGA-NOS vascobase Meu Sub-17 encerrou a prepara\u00e7\u00e3o para enfrentar o Fluminense pela Ta\u00e7a Guanabara, neste s\u00e1bado, \u00e0s 10h! \u2611\ufe0f SIGA-NOS \ud83d\udcf8 Dikran Sahagian | #VascoDaGama SIGA NOSSO CANAL DO WHATSAPP E FIQUE LIGADO NAS NOTICIAS DO VASCO #CriasDaColina #VascoDaGama Fonte: Instagram Vasco Base<\/p>\n","protected":false},"author":1,"featured_media":0,"comment_status":"","ping_status":"open","sticky":false,"template":"","format":"standard","meta":{"footnotes":""},"categories":[1],"tags":[],"class_list":["post-22312","post","type-post","status-publish","format-standard","hentry","category-blog"],"aioseo_notices":[],"amp_enabled":true,"_links":{"self":[{"href":"https:\/\/palpite.net\/index.php\/wp-json\/wp\/v2\/posts\/22312","targetHints":{"allow":["GET"]}}],"collection":[{"href":"https:\/\/palpite.net\/index.php\/wp-json\/wp\/v2\/posts"}],"about":[{"href":"https:\/\/palpite.net\/index.php\/wp-json\/wp\/v2\/types\/post"}],"author":[{"embeddable":true,"href":"https:\/\/palpite.net\/index.php\/wp-json\/wp\/v2\/users\/1"}],"replies":[{"embeddable":true,"href":"https:\/\/palpite.net\/index.php\/wp-json\/wp\/v2\/comments?post=22312"}],"version-history":[{"count":0,"href":"https:\/\/palpite.net\/index.php\/wp-json\/wp\/v2\/posts\/22312\/revisions"}],"wp:attachment":[{"href":"https:\/\/palpite.net\/index.php\/wp-json\/wp\/v2\/media?parent=22312"}],"wp:term":[{"taxonomy":"category","embeddable":true,"href":"https:\/\/palpite.net\/index.php\/wp-json\/wp\/v2\/categories?post=22312"},{"taxonomy":"post_tag","embeddable":true,"href":"https:\/\/palpite.net\/index.php\/wp-json\/wp\/v2\/tags?post=22312"}],"curies":[{"name":"wp","href":"https:\/\/api.w.org\/{rel}","templated":true}]}}