{"id":22315,"date":"2026-04-24T20:37:02","date_gmt":"2026-04-24T23:37:02","guid":{"rendered":"https:\/\/palpite.net\/index.php\/2026\/04\/24\/vascotv-mostra-3o-episodio-da-serie-crias-da-colina-com-phillipe-gabriel-veja-video\/"},"modified":"2026-04-24T20:37:02","modified_gmt":"2026-04-24T23:37:02","slug":"vascotv-mostra-3o-episodio-da-serie-crias-da-colina-com-phillipe-gabriel-veja-video","status":"publish","type":"post","link":"https:\/\/palpite.net\/index.php\/2026\/04\/24\/vascotv-mostra-3o-episodio-da-serie-crias-da-colina-com-phillipe-gabriel-veja-video\/","title":{"rendered":"VascoTV mostra 3\u00ba epis\u00f3dio da s\u00e9rie Crias da Colina com Phillipe Gabriel; veja v\u00eddeo"},"content":{"rendered":"<p><\/p>\n<div>\n<p>VascoTV mostra 3\u00ba epis\u00f3dio da s\u00e9rie Crias da Colina com Phillipe Gabriel; veja v\u00eddeo<\/p>\n<div>CRIAS DA COLINA \u2013 PHILLIPE GABRIEL \u2013 EP.03 | VASCOTV<\/p>\n<p>Formada em S\u00e3o Janu\u00e1rio, Phillipe Gabriel carrega na trajet\u00f3ria a ess\u00eancia de quem nasceu, cresceu e se desenvolveu dentro do Vasco da Gama.\n<\/p>\n<p>No 3\u00ba epis\u00f3dio da s\u00e9rie Crias da Colina, voc\u00ea conhece um pouco mais da hist\u00f3ria e dos desafios desse talentoso jogador cruzmaltino, dentro e fora de campo.\n<\/p>\n<p>Ser Cria vai al\u00e9m do futebol. \u00c9 origem, identidade e pertencimento.\n<\/p>\n<p><center><\/p>\n<p><iframe loading=\"lazy\" title=\"CRIAS DA COLINA - PHILLIPE GABRIEL - EP.03 | VASCOTV\" width=\"1200\" height=\"675\" src=\"https:\/\/www.youtube.com\/embed\/SZrd_AfQ8QA?feature=oembed\" frameborder=\"0\" allow=\"accelerometer; autoplay; clipboard-write; encrypted-media; gyroscope; picture-in-picture; web-share\" referrerpolicy=\"strict-origin-when-cross-origin\" allowfullscreen><\/iframe><\/p>\n<p><\/center><\/p>\n<p>Fonte: Youtube oficial do Vasco<\/p>\n<\/div>\n<p><!-- CONTENT END 2 -->\n<\/div>\n","protected":false},"excerpt":{"rendered":"<p>VascoTV mostra 3\u00ba epis\u00f3dio da s\u00e9rie Crias da Colina com Phillipe Gabriel; veja v\u00eddeo CRIAS DA COLINA \u2013 PHILLIPE GABRIEL \u2013 EP.03 | VASCOTV Formada em S\u00e3o Janu\u00e1rio, Phillipe Gabriel carrega na trajet\u00f3ria a ess\u00eancia de quem nasceu, cresceu e se desenvolveu dentro do Vasco da Gama. No 3\u00ba epis\u00f3dio da s\u00e9rie Crias da Colina, &#8230; <a title=\"VascoTV mostra 3\u00ba epis\u00f3dio da s\u00e9rie Crias da Colina com Phillipe Gabriel; veja v\u00eddeo\" class=\"read-more\" href=\"https:\/\/palpite.net\/index.php\/2026\/04\/24\/vascotv-mostra-3o-episodio-da-serie-crias-da-colina-com-phillipe-gabriel-veja-video\/\" aria-label=\"Read more about VascoTV mostra 3\u00ba epis\u00f3dio da s\u00e9rie Crias da Colina com Phillipe Gabriel; veja v\u00eddeo\">Ler mais<\/a><\/p>\n","protected":false},"author":1,"featured_media":0,"comment_status":"","ping_status":"open","sticky":false,"template":"","format":"standard","meta":{"footnotes":""},"categories":[1],"tags":[],"class_list":["post-22315","post","type-post","status-publish","format-standard","hentry","category-blog"],"aioseo_notices":[],"amp_enabled":true,"_links":{"self":[{"href":"https:\/\/palpite.net\/index.php\/wp-json\/wp\/v2\/posts\/22315","targetHints":{"allow":["GET"]}}],"collection":[{"href":"https:\/\/palpite.net\/index.php\/wp-json\/wp\/v2\/posts"}],"about":[{"href":"https:\/\/palpite.net\/index.php\/wp-json\/wp\/v2\/types\/post"}],"author":[{"embeddable":true,"href":"https:\/\/palpite.net\/index.php\/wp-json\/wp\/v2\/users\/1"}],"replies":[{"embeddable":true,"href":"https:\/\/palpite.net\/index.php\/wp-json\/wp\/v2\/comments?post=22315"}],"version-history":[{"count":0,"href":"https:\/\/palpite.net\/index.php\/wp-json\/wp\/v2\/posts\/22315\/revisions"}],"wp:attachment":[{"href":"https:\/\/palpite.net\/index.php\/wp-json\/wp\/v2\/media?parent=22315"}],"wp:term":[{"taxonomy":"category","embeddable":true,"href":"https:\/\/palpite.net\/index.php\/wp-json\/wp\/v2\/categories?post=22315"},{"taxonomy":"post_tag","embeddable":true,"href":"https:\/\/palpite.net\/index.php\/wp-json\/wp\/v2\/tags?post=22315"}],"curies":[{"name":"wp","href":"https:\/\/api.w.org\/{rel}","templated":true}]}}