{"id":22320,"date":"2026-04-24T23:22:33","date_gmt":"2026-04-25T02:22:33","guid":{"rendered":"https:\/\/palpite.net\/index.php\/2026\/04\/24\/alvo-do-vasco-volante-gregore-tambem-interessa-ao-cruzeiro\/"},"modified":"2026-04-24T23:22:33","modified_gmt":"2026-04-25T02:22:33","slug":"alvo-do-vasco-volante-gregore-tambem-interessa-ao-cruzeiro","status":"publish","type":"post","link":"https:\/\/palpite.net\/index.php\/2026\/04\/24\/alvo-do-vasco-volante-gregore-tambem-interessa-ao-cruzeiro\/","title":{"rendered":"Alvo do Vasco, volante Gregore tamb\u00e9m interessa ao Cruzeiro"},"content":{"rendered":"<p><\/p>\n<div>\n<div>Planeta do Futebol \ud83c\udf0e @futebol_info<\/p>\n<p>\ud83d\udea8 A pedido de Artur Jorge, Cruzeiro quer 2 campe\u00f5es da Libertadores pelo Botafogo: o goleiro John e o volante Gregore.<\/p>\n<p>Neste momento, as partes consideram a situa\u00e7\u00e3o como \u201cembrion\u00e1ria\u201d. John est\u00e1 no Nottingham Forest, sonha com Copa do Mundo e trabalha com a ideia de seguir na Europa.\n<\/p>\n<p>Com rela\u00e7\u00e3o a Gregore, as conversas s\u00f3 devem acontecer a partir do meio do ano. Uma poss\u00edvel negocia\u00e7\u00e3o n\u00e3o ser\u00e1 simples, pois o jogador \u00e9 titular indiscut\u00edvel do Al-Rayyan. Foi o pr\u00f3prio Artur Jorge, inclusive, quem pediu a contrata\u00e7\u00e3o de Gregore no clube catari.\n<\/p>\n<p>\ud83d\uddde\ufe0f @ESPNBrasil | @andrehernan | @felipee_sil | Bruno Andrade<\/p>\n<p>\ud83d\udcf8 Nottingham Forest | Al-Rayyan\n<\/p>\n<p>Fonte: X Planeta do Futebol<\/p>\n<\/div>\n<p><!-- CONTENT END 2 -->\n<\/div>\n","protected":false},"excerpt":{"rendered":"<p>Planeta do Futebol \ud83c\udf0e @futebol_info \ud83d\udea8 A pedido de Artur Jorge, Cruzeiro quer 2 campe\u00f5es da Libertadores pelo Botafogo: o goleiro John e o volante Gregore. Neste momento, as partes consideram a situa\u00e7\u00e3o como \u201cembrion\u00e1ria\u201d. John est\u00e1 no Nottingham Forest, sonha com Copa do Mundo e trabalha com a ideia de seguir na Europa. Com &#8230; <a title=\"Alvo do Vasco, volante Gregore tamb\u00e9m interessa ao Cruzeiro\" class=\"read-more\" href=\"https:\/\/palpite.net\/index.php\/2026\/04\/24\/alvo-do-vasco-volante-gregore-tambem-interessa-ao-cruzeiro\/\" aria-label=\"Read more about Alvo do Vasco, volante Gregore tamb\u00e9m interessa ao Cruzeiro\">Ler mais<\/a><\/p>\n","protected":false},"author":1,"featured_media":0,"comment_status":"","ping_status":"open","sticky":false,"template":"","format":"standard","meta":{"footnotes":""},"categories":[1],"tags":[],"class_list":["post-22320","post","type-post","status-publish","format-standard","hentry","category-blog"],"aioseo_notices":[],"amp_enabled":true,"_links":{"self":[{"href":"https:\/\/palpite.net\/index.php\/wp-json\/wp\/v2\/posts\/22320","targetHints":{"allow":["GET"]}}],"collection":[{"href":"https:\/\/palpite.net\/index.php\/wp-json\/wp\/v2\/posts"}],"about":[{"href":"https:\/\/palpite.net\/index.php\/wp-json\/wp\/v2\/types\/post"}],"author":[{"embeddable":true,"href":"https:\/\/palpite.net\/index.php\/wp-json\/wp\/v2\/users\/1"}],"replies":[{"embeddable":true,"href":"https:\/\/palpite.net\/index.php\/wp-json\/wp\/v2\/comments?post=22320"}],"version-history":[{"count":0,"href":"https:\/\/palpite.net\/index.php\/wp-json\/wp\/v2\/posts\/22320\/revisions"}],"wp:attachment":[{"href":"https:\/\/palpite.net\/index.php\/wp-json\/wp\/v2\/media?parent=22320"}],"wp:term":[{"taxonomy":"category","embeddable":true,"href":"https:\/\/palpite.net\/index.php\/wp-json\/wp\/v2\/categories?post=22320"},{"taxonomy":"post_tag","embeddable":true,"href":"https:\/\/palpite.net\/index.php\/wp-json\/wp\/v2\/tags?post=22320"}],"curies":[{"name":"wp","href":"https:\/\/api.w.org\/{rel}","templated":true}]}}