{"id":22323,"date":"2026-04-25T01:25:08","date_gmt":"2026-04-25T04:25:08","guid":{"rendered":"https:\/\/palpite.net\/index.php\/2026\/04\/25\/remo-fernanda-nunes-e-medalha-de-bronze-na-copa-america-de-remo-costal-em-lima\/"},"modified":"2026-04-25T01:25:08","modified_gmt":"2026-04-25T04:25:08","slug":"remo-fernanda-nunes-e-medalha-de-bronze-na-copa-america-de-remo-costal-em-lima","status":"publish","type":"post","link":"https:\/\/palpite.net\/index.php\/2026\/04\/25\/remo-fernanda-nunes-e-medalha-de-bronze-na-copa-america-de-remo-costal-em-lima\/","title":{"rendered":"Remo: Fernanda Nunes \u00e9 medalha de bronze na Copa Am\u00e9rica de Remo Costal em Lima"},"content":{"rendered":"<p><\/p>\n<div>\n<p>Remo: Fernanda Nunes \u00e9 medalha de bronze na Copa Am\u00e9rica de Remo Costal em Lima<\/p>\n<div>remobrasil<\/p>\n<p>Anota mais 3\ufe0f\u20e3 medalhas para o \ud83c\udde7\ud83c\uddf7 no encerramento da Copa Am\u00e9rica de Remo Costal, em Lima \ud83c\uddf5\ud83c\uddea\n<\/p>\n<p>Todas na categoria Endurance, com provas de 6km.\n<\/p>\n<p>\ud83e\udd48 @thalita_rowing e @fernandanunesoly (Quatro Com Feminino) \u2013 embarca\u00e7\u00e3o com atletas de 2 pa\u00edses<\/p>\n<p>\ud83e\udd49 Thalita, Fernanda, @renatocataldo28 e @vangelys_reinke (Quatro Com Misto)<\/p>\n<p>\ud83e\udd49 Renato e Vangelys (Quatro Com Masculino) \u2013 embarca\u00e7\u00e3o com atletas de 2 pa\u00edses\n<\/p>\n<p>Grande competi\u00e7\u00e3o dos remadores brasileiros! \ud83d\udc4f\n<\/p>\n<p>Fonte: Instagram CBR<\/p>\n<\/div>\n<p><!-- CONTENT END 2 -->\n<\/div>\n","protected":false},"excerpt":{"rendered":"<p>Remo: Fernanda Nunes \u00e9 medalha de bronze na Copa Am\u00e9rica de Remo Costal em Lima remobrasil Anota mais 3\ufe0f\u20e3 medalhas para o \ud83c\udde7\ud83c\uddf7 no encerramento da Copa Am\u00e9rica de Remo Costal, em Lima \ud83c\uddf5\ud83c\uddea Todas na categoria Endurance, com provas de 6km. \ud83e\udd48 @thalita_rowing e @fernandanunesoly (Quatro Com Feminino) \u2013 embarca\u00e7\u00e3o com atletas de 2 &#8230; <a title=\"Remo: Fernanda Nunes \u00e9 medalha de bronze na Copa Am\u00e9rica de Remo Costal em Lima\" class=\"read-more\" href=\"https:\/\/palpite.net\/index.php\/2026\/04\/25\/remo-fernanda-nunes-e-medalha-de-bronze-na-copa-america-de-remo-costal-em-lima\/\" aria-label=\"Read more about Remo: Fernanda Nunes \u00e9 medalha de bronze na Copa Am\u00e9rica de Remo Costal em Lima\">Ler mais<\/a><\/p>\n","protected":false},"author":1,"featured_media":0,"comment_status":"","ping_status":"open","sticky":false,"template":"","format":"standard","meta":{"footnotes":""},"categories":[1],"tags":[],"class_list":["post-22323","post","type-post","status-publish","format-standard","hentry","category-blog"],"aioseo_notices":[],"amp_enabled":true,"_links":{"self":[{"href":"https:\/\/palpite.net\/index.php\/wp-json\/wp\/v2\/posts\/22323","targetHints":{"allow":["GET"]}}],"collection":[{"href":"https:\/\/palpite.net\/index.php\/wp-json\/wp\/v2\/posts"}],"about":[{"href":"https:\/\/palpite.net\/index.php\/wp-json\/wp\/v2\/types\/post"}],"author":[{"embeddable":true,"href":"https:\/\/palpite.net\/index.php\/wp-json\/wp\/v2\/users\/1"}],"replies":[{"embeddable":true,"href":"https:\/\/palpite.net\/index.php\/wp-json\/wp\/v2\/comments?post=22323"}],"version-history":[{"count":0,"href":"https:\/\/palpite.net\/index.php\/wp-json\/wp\/v2\/posts\/22323\/revisions"}],"wp:attachment":[{"href":"https:\/\/palpite.net\/index.php\/wp-json\/wp\/v2\/media?parent=22323"}],"wp:term":[{"taxonomy":"category","embeddable":true,"href":"https:\/\/palpite.net\/index.php\/wp-json\/wp\/v2\/categories?post=22323"},{"taxonomy":"post_tag","embeddable":true,"href":"https:\/\/palpite.net\/index.php\/wp-json\/wp\/v2\/tags?post=22323"}],"curies":[{"name":"wp","href":"https:\/\/api.w.org\/{rel}","templated":true}]}}