{"id":22360,"date":"2026-04-26T02:12:07","date_gmt":"2026-04-26T05:12:07","guid":{"rendered":"https:\/\/palpite.net\/index.php\/2026\/04\/26\/vasco-tem-avanco-relevante-na-negociacao-com-a-pgfn-por-debitos-federais\/"},"modified":"2026-04-26T02:12:07","modified_gmt":"2026-04-26T05:12:07","slug":"vasco-tem-avanco-relevante-na-negociacao-com-a-pgfn-por-debitos-federais","status":"publish","type":"post","link":"https:\/\/palpite.net\/index.php\/2026\/04\/26\/vasco-tem-avanco-relevante-na-negociacao-com-a-pgfn-por-debitos-federais\/","title":{"rendered":"Vasco tem avan\u00e7o relevante na negocia\u00e7\u00e3o com a.PGFN por d\u00e9bitos federais"},"content":{"rendered":"<p><\/p>\n<div>Podcast Cruzmaltino @PodCruzmaltino<\/p>\n<p>\ud83d\udea8 ATEN\u00c7\u00c3O PARA A QUEST\u00c3O DA PGFN NO PROCESSO DO VASCO<\/p>\n<p>H\u00e1 um avan\u00e7o relevante envolvendo a Procuradoria-Geral da Fazenda Nacional (PGFN) e os d\u00e9bitos federais do CRVG dentro da Recupera\u00e7\u00e3o Judicial.\n<\/p>\n<p>\ud83d\udccc O ponto central \u00e9 que o Vasco informou ao ju\u00edzo que aceitou formalmente a contraproposta apresentada pela PGFN no requerimento administrativo de transa\u00e7\u00e3o tribut\u00e1ria.\n<\/p>\n<p>Isso n\u00e3o \u00e9 simples \u201cconversa em andamento\u201d. \u00c9 um est\u00e1gio mais avan\u00e7ado:\n<\/p>\n<p>\u2705 houve negocia\u00e7\u00e3o prolongada;<\/p>\n<p>\u2705 a PGFN apresentou contraproposta;<\/p>\n<p>\u2705 o Vasco manifestou aceite formal dos termos;<\/p>\n<p>\u2705 o procedimento agora aguarda a formaliza\u00e7\u00e3o administrativa da transa\u00e7\u00e3o.\n<\/p>\n<p>Segundo a peti\u00e7\u00e3o, com essa formaliza\u00e7\u00e3o dever\u00e1 ser emitida a Certid\u00e3o Positiva com Efeitos de Negativa relativa aos d\u00e9bitos federais do CRVG.\n<\/p>\n<p>\u2696\ufe0f Juridicamente, o Vasco sustenta que n\u00e3o existe descumprimento ou mora, porque a pend\u00eancia n\u00e3o decorre de omiss\u00e3o do clube, mas do tr\u00e2mite administrativo para conclus\u00e3o do acordo.\n<\/p>\n<p>Esse \u00e9 o ponto mais importante.\n<\/p>\n<p>Muita gente trata como se faltasse uma CND \u201cporque o Vasco n\u00e3o resolveu\u201d. A tese levada ao processo \u00e9 outra: a solu\u00e7\u00e3o foi negociada e est\u00e1 em fase de instrumentaliza\u00e7\u00e3o.\n<\/p>\n<p>\ud83d\udcb0 Outro detalhe relevante:<\/p>\n<p>o hist\u00f3rico juntado mostra que o clube buscou enquadrar o passivo federal dentro de uma transa\u00e7\u00e3o compat\u00edvel com a Recupera\u00e7\u00e3o Judicial, tentando adequar fluxo de pagamentos \u00e0 realidade do plano.\n<\/p>\n<p>Em resumo:\n<\/p>\n<p>\ud83d\udd39 negocia\u00e7\u00e3o com a PGFN avan\u00e7ou;<\/p>\n<p>\ud83d\udd39 houve aceite formal do Vasco \u00e0 contraproposta;<\/p>\n<p>\ud83d\udd39 falta a formaliza\u00e7\u00e3o final do acordo;<\/p>\n<p>\ud83d\udd39 a emiss\u00e3o da certid\u00e3o federal dependeria desse passo.\n<\/p>\n<p>\ud83d\udccdIsso \u00e9 relevante porque a quest\u00e3o fiscal era um dos pontos sens\u00edveis do processo recuperacional.\n<\/p>\n<p>Agora, aten\u00e7\u00e3o para um contraponto importante:<\/p>\n<p>aceite n\u00e3o \u00e9 assinatura definitiva. Enquanto a transa\u00e7\u00e3o n\u00e3o estiver formalizada e a certid\u00e3o emitida, o tema n\u00e3o est\u00e1 100% encerrado.\n<\/p>\n<p>Apura\u00e7\u00e3o: @MaccaVasco | @PodCruzmaltino\n<\/p>\n<p>Siga o Podcast Cruzmaltino para mais informa\u00e7\u00f5es.\n<\/p>\n<p>Fonte: X Podcast Cruzmaltino<\/p>\n<\/div>\n","protected":false},"excerpt":{"rendered":"<p>Podcast Cruzmaltino @PodCruzmaltino \ud83d\udea8 ATEN\u00c7\u00c3O PARA A QUEST\u00c3O DA PGFN NO PROCESSO DO VASCO H\u00e1 um avan\u00e7o relevante envolvendo a Procuradoria-Geral da Fazenda Nacional (PGFN) e os d\u00e9bitos federais do CRVG dentro da Recupera\u00e7\u00e3o Judicial. \ud83d\udccc O ponto central \u00e9 que o Vasco informou ao ju\u00edzo que aceitou formalmente a contraproposta apresentada pela PGFN no &#8230; <a title=\"Vasco tem avan\u00e7o relevante na negocia\u00e7\u00e3o com a.PGFN por d\u00e9bitos federais\" class=\"read-more\" href=\"https:\/\/palpite.net\/index.php\/2026\/04\/26\/vasco-tem-avanco-relevante-na-negociacao-com-a-pgfn-por-debitos-federais\/\" aria-label=\"Read more about Vasco tem avan\u00e7o relevante na negocia\u00e7\u00e3o com a.PGFN por d\u00e9bitos federais\">Ler mais<\/a><\/p>\n","protected":false},"author":1,"featured_media":0,"comment_status":"","ping_status":"open","sticky":false,"template":"","format":"standard","meta":{"footnotes":""},"categories":[1],"tags":[],"class_list":["post-22360","post","type-post","status-publish","format-standard","hentry","category-blog"],"aioseo_notices":[],"amp_enabled":true,"_links":{"self":[{"href":"https:\/\/palpite.net\/index.php\/wp-json\/wp\/v2\/posts\/22360","targetHints":{"allow":["GET"]}}],"collection":[{"href":"https:\/\/palpite.net\/index.php\/wp-json\/wp\/v2\/posts"}],"about":[{"href":"https:\/\/palpite.net\/index.php\/wp-json\/wp\/v2\/types\/post"}],"author":[{"embeddable":true,"href":"https:\/\/palpite.net\/index.php\/wp-json\/wp\/v2\/users\/1"}],"replies":[{"embeddable":true,"href":"https:\/\/palpite.net\/index.php\/wp-json\/wp\/v2\/comments?post=22360"}],"version-history":[{"count":0,"href":"https:\/\/palpite.net\/index.php\/wp-json\/wp\/v2\/posts\/22360\/revisions"}],"wp:attachment":[{"href":"https:\/\/palpite.net\/index.php\/wp-json\/wp\/v2\/media?parent=22360"}],"wp:term":[{"taxonomy":"category","embeddable":true,"href":"https:\/\/palpite.net\/index.php\/wp-json\/wp\/v2\/categories?post=22360"},{"taxonomy":"post_tag","embeddable":true,"href":"https:\/\/palpite.net\/index.php\/wp-json\/wp\/v2\/tags?post=22360"}],"curies":[{"name":"wp","href":"https:\/\/api.w.org\/{rel}","templated":true}]}}