{"id":22433,"date":"2026-04-28T00:08:41","date_gmt":"2026-04-28T03:08:41","guid":{"rendered":"https:\/\/palpite.net\/index.php\/2026\/04\/28\/centro-cultural-candinho-apresenta-nova-arte-na-parede-interna-veja-fotos-e-videos\/"},"modified":"2026-04-28T00:08:41","modified_gmt":"2026-04-28T03:08:41","slug":"centro-cultural-candinho-apresenta-nova-arte-na-parede-interna-veja-fotos-e-videos","status":"publish","type":"post","link":"https:\/\/palpite.net\/index.php\/2026\/04\/28\/centro-cultural-candinho-apresenta-nova-arte-na-parede-interna-veja-fotos-e-videos\/","title":{"rendered":"Centro Cultural Candinho apresenta nova arte na parede interna; veja fotos e v\u00eddeos"},"content":{"rendered":"<p><\/p>\n<div>\n<p>Centro Cultural Candinho apresenta nova arte na parede interna; veja fotos e v\u00eddeos<\/p>\n<div>aquinasceuvasco<\/p>\n<p>Arte urbana &amp; amor vasca\u00edno!<\/p>\n<p>Uma obra original do @MagooIlegal agora t\u00e1 nosso Candinho.\n<\/p>\n<p>Foto: Lais Reverte (@revertindo)\n<\/p>\n<p>Al\u00e9m de inaugurar sua exposi\u00e7\u00e3o, o @MagooIlegal deixou uma marca ainda mais profunda aqui  no Candinho: uma arte ORIGINAL na nossa parede.\n<\/p>\n<p>Veja um pouco do processo e venha visitar a obra do artista multim\u00eddia nos nossos pr\u00f3ximos eventos.\n<\/p>\n<p><iframe class=\"embed-responsive-item\" allowfullscreen=\"\" sandbox=\"allow-scripts\" src=\"https:\/\/www.netvasco.com.br\/news\/noticias16\/arquivos\/20260427-135207-1-1-.mp4\"><\/iframe><\/p>\n<p>Passo a passo, veja como a obra original do @MagooIlegal foi feita na nossa parede.\n<\/p>\n<p>J\u00e1 t\u00e1 valendo vir visitar, viu?\n<\/p>\n<p><iframe class=\"embed-responsive-item\" allowfullscreen=\"\" sandbox=\"allow-scripts\" src=\"https:\/\/www.netvasco.com.br\/news\/noticias16\/arquivos\/20260427-135017-1-1-.mp4\"><\/iframe><\/p>\n<p>Fonte: Instagram Centro Cultural Candinho<\/p>\n<\/div>\n<p><!-- CONTENT END 2 -->\n<\/div>\n","protected":false},"excerpt":{"rendered":"<p>Centro Cultural Candinho apresenta nova arte na parede interna; veja fotos e v\u00eddeos aquinasceuvasco Arte urbana &amp; amor vasca\u00edno! Uma obra original do @MagooIlegal agora t\u00e1 nosso Candinho. Foto: Lais Reverte (@revertindo) Al\u00e9m de inaugurar sua exposi\u00e7\u00e3o, o @MagooIlegal deixou uma marca ainda mais profunda aqui no Candinho: uma arte ORIGINAL na nossa parede. Veja &#8230; <a title=\"Centro Cultural Candinho apresenta nova arte na parede interna; veja fotos e v\u00eddeos\" class=\"read-more\" href=\"https:\/\/palpite.net\/index.php\/2026\/04\/28\/centro-cultural-candinho-apresenta-nova-arte-na-parede-interna-veja-fotos-e-videos\/\" aria-label=\"Read more about Centro Cultural Candinho apresenta nova arte na parede interna; veja fotos e v\u00eddeos\">Ler mais<\/a><\/p>\n","protected":false},"author":1,"featured_media":0,"comment_status":"","ping_status":"open","sticky":false,"template":"","format":"standard","meta":{"footnotes":""},"categories":[1],"tags":[],"class_list":["post-22433","post","type-post","status-publish","format-standard","hentry","category-blog"],"aioseo_notices":[],"amp_enabled":true,"_links":{"self":[{"href":"https:\/\/palpite.net\/index.php\/wp-json\/wp\/v2\/posts\/22433","targetHints":{"allow":["GET"]}}],"collection":[{"href":"https:\/\/palpite.net\/index.php\/wp-json\/wp\/v2\/posts"}],"about":[{"href":"https:\/\/palpite.net\/index.php\/wp-json\/wp\/v2\/types\/post"}],"author":[{"embeddable":true,"href":"https:\/\/palpite.net\/index.php\/wp-json\/wp\/v2\/users\/1"}],"replies":[{"embeddable":true,"href":"https:\/\/palpite.net\/index.php\/wp-json\/wp\/v2\/comments?post=22433"}],"version-history":[{"count":0,"href":"https:\/\/palpite.net\/index.php\/wp-json\/wp\/v2\/posts\/22433\/revisions"}],"wp:attachment":[{"href":"https:\/\/palpite.net\/index.php\/wp-json\/wp\/v2\/media?parent=22433"}],"wp:term":[{"taxonomy":"category","embeddable":true,"href":"https:\/\/palpite.net\/index.php\/wp-json\/wp\/v2\/categories?post=22433"},{"taxonomy":"post_tag","embeddable":true,"href":"https:\/\/palpite.net\/index.php\/wp-json\/wp\/v2\/tags?post=22433"}],"curies":[{"name":"wp","href":"https:\/\/api.w.org\/{rel}","templated":true}]}}