{"id":22462,"date":"2026-04-28T20:06:06","date_gmt":"2026-04-28T23:06:06","guid":{"rendered":"https:\/\/palpite.net\/index.php\/2026\/04\/28\/ator-thelmo-fernandes-fala-sobre-a-finalizacao-das-gravacoes-do-filme-dos-camisas-negras\/"},"modified":"2026-04-28T20:06:06","modified_gmt":"2026-04-28T23:06:06","slug":"ator-thelmo-fernandes-fala-sobre-a-finalizacao-das-gravacoes-do-filme-dos-camisas-negras","status":"publish","type":"post","link":"https:\/\/palpite.net\/index.php\/2026\/04\/28\/ator-thelmo-fernandes-fala-sobre-a-finalizacao-das-gravacoes-do-filme-dos-camisas-negras\/","title":{"rendered":"Ator Thelmo Fernandes fala sobre a finaliza\u00e7\u00e3o das grava\u00e7\u00f5es do filme dos Camisas Negras"},"content":{"rendered":"<p><\/p>\n<div>\n<p>A luta pioneira do Vasco que transformou o futebol brasileiro em um esporte verdadeiramente popular finalmente ganhar\u00e1 as telas do cinema de forma grandiosa. Em uma conversa reveladora e com total exclusividade para a reportagem do Papo na Colina, o ator Thelmo Fernandes cravou o encerramento absoluto das grava\u00e7\u00f5es da aguardada obra cinematogr\u00e1fica focada na hist\u00f3ria do primeiros campe\u00f5es cruz-maltinos.<\/p>\n<p>O projeto, intitulado \u201cRacismo e Camisas Negras\u201d e dirigido pelo cineasta Jeferson Mello, mergulha fundo na trajet\u00f3ria do lend\u00e1rio esquadr\u00e3o oper\u00e1rio campe\u00e3o carioca em 1923.<\/p>\n<p>A produ\u00e7\u00e3o aposta pesado no modelo de docudrama, misturando intensa pesquisa de document\u00e1rio com cenas de pura fic\u00e7\u00e3o para retratar a forte exclus\u00e3o racial daquela \u00e9poca no pa\u00eds. Assumidamente torcedor de arquibancada, Thelmo Fernandes n\u00e3o escondeu a sua enorme surpresa pelo convite para participar:<\/p>\n<p>\u201cCara, foi t\u00e3o maravilhoso assim porque quando eu recebi o convite do Jeff, ele me falou sobre o que que era o filme e eu falei cara, n\u00e3o \u00e9 poss\u00edvel, eu n\u00e3o t\u00f4 acreditando. Posso fazer de gra\u00e7a? (risos)\u201d<\/p>\n<p><b>Elenco estrelado conta com torcedores ilustres na grava\u00e7\u00e3o<\/b><\/p>\n<p>Al\u00e9m do empolgado entrevistado, a montagem re\u00fane outro apaixonado pelo clube da regi\u00e3o de S\u00e3o Janu\u00e1rio, o humorista Bruno Mazzeo. A produ\u00e7\u00e3o, que traz a colabora\u00e7\u00e3o fundamental do pesquisador Paulo C\u00e9sar Vasconcellos, conta com profissionais consagrados nas artes c\u00eanicas como Juan Paiva, S\u00e9rgio Malheiros, Aline Dias, Rodrigo Candelot e Brenno Leone para recriar os bastidores desse gigante marco esportivo.<\/p>\n<p>O famoso esquadr\u00e3o de outrora era formado por trabalhadores bra\u00e7ais e atletas negros que superaram o preconceito enraizado dentro das quatro linhas do gramado. Thelmo ressaltou a import\u00e2ncia de registrar tudo isso na grande tela:<\/p>\n<p>\u201cFoi um privil\u00e9gio, uma honra poder ajudar, contar essa hist\u00f3ria assim. Eu n\u00e3o posso dar muito spoiler, mas \u00e9 um doc. Um doc drama que vai falar sobre racismo e vai contar com a parte de fic\u00e7\u00e3o, a hist\u00f3ria dos Camisas Negras do Vasco\u201d.<\/p>\n<p><b>Obra destaca a luta pioneira do Vasco contra o racismo<\/b><\/p>\n<p>O enredo aprofunda n\u00e3o apenas a campanha vitoriosa daquele ano, mas tamb\u00e9m detalha o enorme impacto social da inesquec\u00edvel Resposta Hist\u00f3rica de 1924, quando os dirigentes recusaram a exig\u00eancia covarde de banir seus jogadores humildes do torneio. Esse simples gesto de bravura extrema abalou os alicerces do preconceito nacional e consolidou o Vasco da Gama como a casa do povo carioca e leg\u00edtimo time do povo.<\/p>\n<p>A distribui\u00e7\u00e3o n\u00e3o prev\u00ea um lan\u00e7amento direto para as plataformas caseiras de streaming nos pr\u00f3ximos meses. Thelmo Fernandes contou \u00e0 nossa reda\u00e7\u00e3o que a meta prim\u00e1ria dos produtores \u00e9 exibir a pel\u00edcula diretamente nos cinemas de todo o pa\u00eds para a imensa torcida do Vasco esgotar as bilheterias, al\u00e9m de cravar o prov\u00e1vel cronograma idealizado pelas equipes de edi\u00e7\u00e3o:<\/p>\n<p>\u201cA ideia \u00e9 que seja pra esse ano ainda\u201d.<\/p>\n<p>Fonte: Papo Na Colina<\/p>\n<p><!-- CONTENT END 2 -->\n<\/div>\n","protected":false},"excerpt":{"rendered":"<p>A luta pioneira do Vasco que transformou o futebol brasileiro em um esporte verdadeiramente popular finalmente ganhar\u00e1 as telas do cinema de forma grandiosa. Em uma conversa reveladora e com total exclusividade para a reportagem do Papo na Colina, o ator Thelmo Fernandes cravou o encerramento absoluto das grava\u00e7\u00f5es da aguardada obra cinematogr\u00e1fica focada na &#8230; <a title=\"Ator Thelmo Fernandes fala sobre a finaliza\u00e7\u00e3o das grava\u00e7\u00f5es do filme dos Camisas Negras\" class=\"read-more\" href=\"https:\/\/palpite.net\/index.php\/2026\/04\/28\/ator-thelmo-fernandes-fala-sobre-a-finalizacao-das-gravacoes-do-filme-dos-camisas-negras\/\" aria-label=\"Read more about Ator Thelmo Fernandes fala sobre a finaliza\u00e7\u00e3o das grava\u00e7\u00f5es do filme dos Camisas Negras\">Ler mais<\/a><\/p>\n","protected":false},"author":1,"featured_media":0,"comment_status":"","ping_status":"open","sticky":false,"template":"","format":"standard","meta":{"footnotes":""},"categories":[1],"tags":[],"class_list":["post-22462","post","type-post","status-publish","format-standard","hentry","category-blog"],"aioseo_notices":[],"amp_enabled":true,"_links":{"self":[{"href":"https:\/\/palpite.net\/index.php\/wp-json\/wp\/v2\/posts\/22462","targetHints":{"allow":["GET"]}}],"collection":[{"href":"https:\/\/palpite.net\/index.php\/wp-json\/wp\/v2\/posts"}],"about":[{"href":"https:\/\/palpite.net\/index.php\/wp-json\/wp\/v2\/types\/post"}],"author":[{"embeddable":true,"href":"https:\/\/palpite.net\/index.php\/wp-json\/wp\/v2\/users\/1"}],"replies":[{"embeddable":true,"href":"https:\/\/palpite.net\/index.php\/wp-json\/wp\/v2\/comments?post=22462"}],"version-history":[{"count":0,"href":"https:\/\/palpite.net\/index.php\/wp-json\/wp\/v2\/posts\/22462\/revisions"}],"wp:attachment":[{"href":"https:\/\/palpite.net\/index.php\/wp-json\/wp\/v2\/media?parent=22462"}],"wp:term":[{"taxonomy":"category","embeddable":true,"href":"https:\/\/palpite.net\/index.php\/wp-json\/wp\/v2\/categories?post=22462"},{"taxonomy":"post_tag","embeddable":true,"href":"https:\/\/palpite.net\/index.php\/wp-json\/wp\/v2\/tags?post=22462"}],"curies":[{"name":"wp","href":"https:\/\/api.w.org\/{rel}","templated":true}]}}