{"id":22463,"date":"2026-04-28T20:46:52","date_gmt":"2026-04-28T23:46:52","guid":{"rendered":"https:\/\/palpite.net\/index.php\/2026\/04\/28\/thiago-mendes-e-cuiabano-nao-treinam-e-vasco-avalia-situacao-dos-jogadores\/"},"modified":"2026-04-28T20:46:52","modified_gmt":"2026-04-28T23:46:52","slug":"thiago-mendes-e-cuiabano-nao-treinam-e-vasco-avalia-situacao-dos-jogadores","status":"publish","type":"post","link":"https:\/\/palpite.net\/index.php\/2026\/04\/28\/thiago-mendes-e-cuiabano-nao-treinam-e-vasco-avalia-situacao-dos-jogadores\/","title":{"rendered":"Thiago Mendes e Cuiabano n\u00e3o treinam e Vasco avalia situa\u00e7\u00e3o dos jogadores"},"content":{"rendered":"<p><\/p>\n<div>\n<div>Vasco tem duas preocupa\u00e7\u00f5es em uma semana importante na temporada. Thiago Mendes e Cuiabano foram aus\u00eancias nas duas atividades do campo no CT Moacyr Barbosa, ap\u00f3s a derrota por 1 a 0 contra o Corinthians, no \u00faltimo domingo.<\/p>\n<p>Thiago Mendes foi substitu\u00eddo no intervalo na Neo Qu\u00edmica, com muitas dores no tornozelo direito, ap\u00f3s entrada por tr\u00e1s de Andr\u00e9, que foi expulso com cart\u00e3o vermelho direto. O volante afirmou que o lance do advers\u00e1rio foi \u201cdesleal\u201d e iniciou tratamento na segunda-feira, no retorno ao Rio de Janeiro. Ele chegou a postar uma foto em suas redes sociais com uma bota de fisioterapia na regi\u00e3o em uma maca em sua casa.\n<\/p>\n<p>Cuiabano tamb\u00e9m deixou o campo na \u00faltima rodada com um problema muscular, substitu\u00eddo por Lucas Piton na volta do intervalo. Ele foi aus\u00eancia nos dois treinos no CT do Vasco para realizar tratamento.\n<\/p>\n<p>O Vasco avalia as condi\u00e7\u00f5es da dupla, e a aus\u00eancia dos dois titulares absolutos preocupa principalmente pela import\u00e2ncia da semana. O time ter\u00e1 confronto decisivo contra o Olimpia nesta quinta-feira para seguir vivo na briga pela classifica\u00e7\u00e3o \u00e0 pr\u00f3xima fase da Sul-Americana.\n<\/p>\n<p>Apesar da manuten\u00e7\u00e3o da ideia de utilizar um time inicial com a maioria formada por reservas, os jogadores considerados titulares ser\u00e3o relacionados, assim como aconteceu contra o Audax Italiano. O time \u00e9 o \u00faltimo colocado no Grupo G, com apenas um ponto somado nas duas primeiras rodadas. O advers\u00e1rio paraguaio \u00e9 o l\u00edder, com quatro pontos.\n<\/p>\n<p>Depois, o Vasco ter\u00e1 um cl\u00e1ssico contra o Flamengo, no domingo, pela 14\u00aa rodada do Brasileir\u00e3o, no Maracan\u00e3. Com a derrota para o Corinthians, o time estacionou nos 16 pontos, em 10\u00ba lugar, e ter\u00e1 um jogo dif\u00edcil contra o rival, atual 2\u00ba colocado, que venceu os \u00faltimos sete jogos na temporada. A prioridade da diretoria e da comiss\u00e3o t\u00e9cnica \u00e9 o torneio nacional.\n<\/p>\n<p>Fonte: ge<\/p>\n<\/div>\n<p><!-- CONTENT END 2 -->\n<\/div>\n","protected":false},"excerpt":{"rendered":"<p>Vasco tem duas preocupa\u00e7\u00f5es em uma semana importante na temporada. Thiago Mendes e Cuiabano foram aus\u00eancias nas duas atividades do campo no CT Moacyr Barbosa, ap\u00f3s a derrota por 1 a 0 contra o Corinthians, no \u00faltimo domingo. Thiago Mendes foi substitu\u00eddo no intervalo na Neo Qu\u00edmica, com muitas dores no tornozelo direito, ap\u00f3s entrada &#8230; <a title=\"Thiago Mendes e Cuiabano n\u00e3o treinam e Vasco avalia situa\u00e7\u00e3o dos jogadores\" class=\"read-more\" href=\"https:\/\/palpite.net\/index.php\/2026\/04\/28\/thiago-mendes-e-cuiabano-nao-treinam-e-vasco-avalia-situacao-dos-jogadores\/\" aria-label=\"Read more about Thiago Mendes e Cuiabano n\u00e3o treinam e Vasco avalia situa\u00e7\u00e3o dos jogadores\">Ler mais<\/a><\/p>\n","protected":false},"author":1,"featured_media":0,"comment_status":"","ping_status":"open","sticky":false,"template":"","format":"standard","meta":{"footnotes":""},"categories":[1],"tags":[],"class_list":["post-22463","post","type-post","status-publish","format-standard","hentry","category-blog"],"aioseo_notices":[],"amp_enabled":true,"_links":{"self":[{"href":"https:\/\/palpite.net\/index.php\/wp-json\/wp\/v2\/posts\/22463","targetHints":{"allow":["GET"]}}],"collection":[{"href":"https:\/\/palpite.net\/index.php\/wp-json\/wp\/v2\/posts"}],"about":[{"href":"https:\/\/palpite.net\/index.php\/wp-json\/wp\/v2\/types\/post"}],"author":[{"embeddable":true,"href":"https:\/\/palpite.net\/index.php\/wp-json\/wp\/v2\/users\/1"}],"replies":[{"embeddable":true,"href":"https:\/\/palpite.net\/index.php\/wp-json\/wp\/v2\/comments?post=22463"}],"version-history":[{"count":0,"href":"https:\/\/palpite.net\/index.php\/wp-json\/wp\/v2\/posts\/22463\/revisions"}],"wp:attachment":[{"href":"https:\/\/palpite.net\/index.php\/wp-json\/wp\/v2\/media?parent=22463"}],"wp:term":[{"taxonomy":"category","embeddable":true,"href":"https:\/\/palpite.net\/index.php\/wp-json\/wp\/v2\/categories?post=22463"},{"taxonomy":"post_tag","embeddable":true,"href":"https:\/\/palpite.net\/index.php\/wp-json\/wp\/v2\/tags?post=22463"}],"curies":[{"name":"wp","href":"https:\/\/api.w.org\/{rel}","templated":true}]}}