{"id":22503,"date":"2026-04-29T21:25:33","date_gmt":"2026-04-30T00:25:33","guid":{"rendered":"https:\/\/palpite.net\/index.php\/2026\/04\/29\/vasco-tera-a-maioria-de-reservas-no-time-titular-contra-o-olimpia\/"},"modified":"2026-04-29T21:25:33","modified_gmt":"2026-04-30T00:25:33","slug":"vasco-tera-a-maioria-de-reservas-no-time-titular-contra-o-olimpia","status":"publish","type":"post","link":"https:\/\/palpite.net\/index.php\/2026\/04\/29\/vasco-tera-a-maioria-de-reservas-no-time-titular-contra-o-olimpia\/","title":{"rendered":"Vasco ter\u00e1 a maioria de reservas no time titular contra o Olimpia"},"content":{"rendered":"<p><\/p>\n<div>O Vasco encerrou a prepara\u00e7\u00e3o para o confronto contra o Olimpia, nesta quinta-feira, v\u00e1lido pela terceira rodada da fase de grupos da Copa Sul-Americana. Renato Ga\u00facho manter\u00e1 o planejamento tra\u00e7ado para o torneio e iniciar\u00e1 o time com a maioria formada por jogadores considerados reservas, em S\u00e3o Janu\u00e1rio.<\/p>\n<p>Apesar da manuten\u00e7\u00e3o da ideia de utilizar um time inicial com a maioria formada por reservas, os jogadores considerados titulares ser\u00e3o relacionados, assim como aconteceu contra o Audax Italiano.\n<\/p>\n<p>A tend\u00eancia \u00e9 que, do time que iniciou contra o Corinthians, na \u00faltima rodada do Brasileir\u00e3o, apenas L\u00e9o Jardim, Saldivia e Tch\u00ea Tch\u00ea comecem o jogo. O volante deve formar o meio-campo com Hugo Moura, uma vez que JP est\u00e1 suspenso ap\u00f3s ser expulso contra o Audax Italiano. O zagueiro uruguaio deve entrar na vaga de Carlos Cuesta, que tamb\u00e9m levou cart\u00e3o vermelho no \u00faltimo jogo.\n<\/p>\n<p>No comando de ataque, Spinelli deve receber uma oportunidade como centroavante. A principal d\u00favida \u00e9 quem formar\u00e1 o ataque pelo lado direito. Renato testou possibilidades com Marino e Adson ao longo da semana.\n<\/p>\n<p>A escala\u00e7\u00e3o do Vasco: L\u00e9o Jardim, Puma Rodr\u00edguez, Saldivia, Lucas Freitas, Lucas Piton, Hugo Moura, Tch\u00ea Tch\u00ea, Johan Rojas, Marino Hinestroza (Adson), Nuno Moreira e Spinelli.\n<\/p>\n<p>O confronto \u00e9 decisivo na briga por uma vaga \u00e0 pr\u00f3xima fase da Sul-Americana. O Vasco \u00e9 o \u00faltimo colocado no Grupo G, com apenas um ponto somado nas duas primeiras rodadas. O advers\u00e1rio paraguaio \u00e9 o l\u00edder, com quatro pontos. No entanto, caso ven\u00e7a a partida por dois gols de diferen\u00e7a, o time de Renato Ga\u00facho assumir\u00e1 o primeiro lugar do grupo.\n<\/p>\n<p>Fonte: ge<\/p>\n<\/div>\n","protected":false},"excerpt":{"rendered":"<p>O Vasco encerrou a prepara\u00e7\u00e3o para o confronto contra o Olimpia, nesta quinta-feira, v\u00e1lido pela terceira rodada da fase de grupos da Copa Sul-Americana. Renato Ga\u00facho manter\u00e1 o planejamento tra\u00e7ado para o torneio e iniciar\u00e1 o time com a maioria formada por jogadores considerados reservas, em S\u00e3o Janu\u00e1rio. Apesar da manuten\u00e7\u00e3o da ideia de utilizar &#8230; <a title=\"Vasco ter\u00e1 a maioria de reservas no time titular contra o Olimpia\" class=\"read-more\" href=\"https:\/\/palpite.net\/index.php\/2026\/04\/29\/vasco-tera-a-maioria-de-reservas-no-time-titular-contra-o-olimpia\/\" aria-label=\"Read more about Vasco ter\u00e1 a maioria de reservas no time titular contra o Olimpia\">Ler mais<\/a><\/p>\n","protected":false},"author":1,"featured_media":0,"comment_status":"","ping_status":"open","sticky":false,"template":"","format":"standard","meta":{"footnotes":""},"categories":[1],"tags":[],"class_list":["post-22503","post","type-post","status-publish","format-standard","hentry","category-blog"],"aioseo_notices":[],"amp_enabled":true,"_links":{"self":[{"href":"https:\/\/palpite.net\/index.php\/wp-json\/wp\/v2\/posts\/22503","targetHints":{"allow":["GET"]}}],"collection":[{"href":"https:\/\/palpite.net\/index.php\/wp-json\/wp\/v2\/posts"}],"about":[{"href":"https:\/\/palpite.net\/index.php\/wp-json\/wp\/v2\/types\/post"}],"author":[{"embeddable":true,"href":"https:\/\/palpite.net\/index.php\/wp-json\/wp\/v2\/users\/1"}],"replies":[{"embeddable":true,"href":"https:\/\/palpite.net\/index.php\/wp-json\/wp\/v2\/comments?post=22503"}],"version-history":[{"count":0,"href":"https:\/\/palpite.net\/index.php\/wp-json\/wp\/v2\/posts\/22503\/revisions"}],"wp:attachment":[{"href":"https:\/\/palpite.net\/index.php\/wp-json\/wp\/v2\/media?parent=22503"}],"wp:term":[{"taxonomy":"category","embeddable":true,"href":"https:\/\/palpite.net\/index.php\/wp-json\/wp\/v2\/categories?post=22503"},{"taxonomy":"post_tag","embeddable":true,"href":"https:\/\/palpite.net\/index.php\/wp-json\/wp\/v2\/tags?post=22503"}],"curies":[{"name":"wp","href":"https:\/\/api.w.org\/{rel}","templated":true}]}}