{"id":22506,"date":"2026-04-29T22:47:27","date_gmt":"2026-04-30T01:47:27","guid":{"rendered":"https:\/\/palpite.net\/index.php\/2026\/04\/29\/euriquinho-fala-sobre-a-importancia-de-romario-para-o-vasco-dentro-e-fora-de-campo-veja-video\/"},"modified":"2026-04-29T22:47:27","modified_gmt":"2026-04-30T01:47:27","slug":"euriquinho-fala-sobre-a-importancia-de-romario-para-o-vasco-dentro-e-fora-de-campo-veja-video","status":"publish","type":"post","link":"https:\/\/palpite.net\/index.php\/2026\/04\/29\/euriquinho-fala-sobre-a-importancia-de-romario-para-o-vasco-dentro-e-fora-de-campo-veja-video\/","title":{"rendered":"Euriquinho fala sobre a import\u00e2ncia de Rom\u00e1rio para o Vasco dentro e fora de campo; veja v\u00eddeo"},"content":{"rendered":"<p><\/p>\n<div>\n<p>Euriquinho fala sobre a import\u00e2ncia de Rom\u00e1rio para o Vasco dentro e fora de campo; veja v\u00eddeo<\/p>\n<div>romariotv_oficial<\/p>\n<p>\u201cROM\u00c1RIO FOI O MAIOR PROFISSIONAL DO VASCO\u201d\n<\/p>\n<p>Euriquinho falou um pouco sobre tudo que Rom\u00e1rio j\u00e1 fez para o Vasco e muita gente n\u00e3o sabe\u2026 \ud83d\udc40\n<\/p>\n<p>O epis\u00f3dio 3 do Rom\u00e1rio60 conta a trajet\u00f3ria do Baixo no Vasco da Gama e sua rela\u00e7\u00e3o com o clube. Voc\u00ea vai poder conferir HOJE no YouTube da Rom\u00e1rioTV. \ud83d\udcfa\n<\/p>\n<p>#Rom\u00e1rio60 #Rom\u00e1rio #Vasco #Eurico #Dinheiro\n<\/p>\n<p><iframe class=\"embed-responsive-item\" allowfullscreen=\"\" sandbox=\"allow-scripts\" src=\"https:\/\/www.netvasco.com.br\/news\/noticias16\/arquivos\/20260429-221033-1-1-.mp4\"><\/iframe><\/p>\n<p>Fonte: Instagram Roma\u0301rioTV<\/p>\n<\/div>\n<p><!-- CONTENT END 2 -->\n<\/div>\n","protected":false},"excerpt":{"rendered":"<p>Euriquinho fala sobre a import\u00e2ncia de Rom\u00e1rio para o Vasco dentro e fora de campo; veja v\u00eddeo romariotv_oficial \u201cROM\u00c1RIO FOI O MAIOR PROFISSIONAL DO VASCO\u201d Euriquinho falou um pouco sobre tudo que Rom\u00e1rio j\u00e1 fez para o Vasco e muita gente n\u00e3o sabe\u2026 \ud83d\udc40 O epis\u00f3dio 3 do Rom\u00e1rio60 conta a trajet\u00f3ria do Baixo no &#8230; <a title=\"Euriquinho fala sobre a import\u00e2ncia de Rom\u00e1rio para o Vasco dentro e fora de campo; veja v\u00eddeo\" class=\"read-more\" href=\"https:\/\/palpite.net\/index.php\/2026\/04\/29\/euriquinho-fala-sobre-a-importancia-de-romario-para-o-vasco-dentro-e-fora-de-campo-veja-video\/\" aria-label=\"Read more about Euriquinho fala sobre a import\u00e2ncia de Rom\u00e1rio para o Vasco dentro e fora de campo; veja v\u00eddeo\">Ler mais<\/a><\/p>\n","protected":false},"author":1,"featured_media":0,"comment_status":"","ping_status":"open","sticky":false,"template":"","format":"standard","meta":{"footnotes":""},"categories":[1],"tags":[],"class_list":["post-22506","post","type-post","status-publish","format-standard","hentry","category-blog"],"aioseo_notices":[],"amp_enabled":true,"_links":{"self":[{"href":"https:\/\/palpite.net\/index.php\/wp-json\/wp\/v2\/posts\/22506","targetHints":{"allow":["GET"]}}],"collection":[{"href":"https:\/\/palpite.net\/index.php\/wp-json\/wp\/v2\/posts"}],"about":[{"href":"https:\/\/palpite.net\/index.php\/wp-json\/wp\/v2\/types\/post"}],"author":[{"embeddable":true,"href":"https:\/\/palpite.net\/index.php\/wp-json\/wp\/v2\/users\/1"}],"replies":[{"embeddable":true,"href":"https:\/\/palpite.net\/index.php\/wp-json\/wp\/v2\/comments?post=22506"}],"version-history":[{"count":0,"href":"https:\/\/palpite.net\/index.php\/wp-json\/wp\/v2\/posts\/22506\/revisions"}],"wp:attachment":[{"href":"https:\/\/palpite.net\/index.php\/wp-json\/wp\/v2\/media?parent=22506"}],"wp:term":[{"taxonomy":"category","embeddable":true,"href":"https:\/\/palpite.net\/index.php\/wp-json\/wp\/v2\/categories?post=22506"},{"taxonomy":"post_tag","embeddable":true,"href":"https:\/\/palpite.net\/index.php\/wp-json\/wp\/v2\/tags?post=22506"}],"curies":[{"name":"wp","href":"https:\/\/api.w.org\/{rel}","templated":true}]}}