{"id":22537,"date":"2026-04-30T20:00:35","date_gmt":"2026-04-30T23:00:35","guid":{"rendered":"https:\/\/palpite.net\/index.php\/2026\/04\/30\/feminino-jogadoras-falam-da-expectativa-de-jogar-em-sao-januario-pelo-brasileiro-a2-veja-video\/"},"modified":"2026-04-30T20:00:35","modified_gmt":"2026-04-30T23:00:35","slug":"feminino-jogadoras-falam-da-expectativa-de-jogar-em-sao-januario-pelo-brasileiro-a2-veja-video","status":"publish","type":"post","link":"https:\/\/palpite.net\/index.php\/2026\/04\/30\/feminino-jogadoras-falam-da-expectativa-de-jogar-em-sao-januario-pelo-brasileiro-a2-veja-video\/","title":{"rendered":"Feminino: Jogadoras falam da expectativa de jogar em S\u00e3o Janu\u00e1rio pelo Brasileiro A2; veja v\u00eddeo"},"content":{"rendered":"<p><\/p>\n<div>\n<p>Feminino: Jogadoras falam da expectativa de jogar em S\u00e3o Janu\u00e1rio pelo Brasileiro A2; veja v\u00eddeo<\/p>\n<div>Vasco Feminino @vasco_feminino<\/p>\n<p>Jogar em S\u00e3o Janu\u00e1rio em 1\ufe0f\u20e3 palavra \ud83c\udfdf\ufe0f\ud83d\udca2<\/p>\n<p>As Meninas da Colina te esperam no Caldeir\u00e3o neste s\u00e1bado, \u00e0s 18 horas, contra o Itacoatiara, pelo Brasileiro A2! \ud83e\udd1d\n<\/p>\n<p>\ud83c\udf9f\ufe0f Informa\u00e7\u00f5es sobre ingresso em <b>http:\/\/Vasco.com.br<\/b>\n<\/p>\n<p>#MeninasDaColina<\/p>\n<p>#VascoDaGama\n<\/p>\n<p><iframe class=\"embed-responsive-item\" allowfullscreen=\"\" sandbox=\"allow-scripts\" src=\"https:\/\/www.netvasco.com.br\/news\/noticias16\/arquivos\/20260430-140120-1-1-.mp4\"><\/iframe><\/p>\n<p>Fonte: X oficial Vasco Feminino<\/p>\n<\/div>\n<p><!-- CONTENT END 2 -->\n<\/div>\n","protected":false},"excerpt":{"rendered":"<p>Feminino: Jogadoras falam da expectativa de jogar em S\u00e3o Janu\u00e1rio pelo Brasileiro A2; veja v\u00eddeo Vasco Feminino @vasco_feminino Jogar em S\u00e3o Janu\u00e1rio em 1\ufe0f\u20e3 palavra \ud83c\udfdf\ufe0f\ud83d\udca2 As Meninas da Colina te esperam no Caldeir\u00e3o neste s\u00e1bado, \u00e0s 18 horas, contra o Itacoatiara, pelo Brasileiro A2! \ud83e\udd1d \ud83c\udf9f\ufe0f Informa\u00e7\u00f5es sobre ingresso em http:\/\/Vasco.com.br #MeninasDaColina #VascoDaGama Fonte: &#8230; <a title=\"Feminino: Jogadoras falam da expectativa de jogar em S\u00e3o Janu\u00e1rio pelo Brasileiro A2; veja v\u00eddeo\" class=\"read-more\" href=\"https:\/\/palpite.net\/index.php\/2026\/04\/30\/feminino-jogadoras-falam-da-expectativa-de-jogar-em-sao-januario-pelo-brasileiro-a2-veja-video\/\" aria-label=\"Read more about Feminino: Jogadoras falam da expectativa de jogar em S\u00e3o Janu\u00e1rio pelo Brasileiro A2; veja v\u00eddeo\">Ler mais<\/a><\/p>\n","protected":false},"author":1,"featured_media":0,"comment_status":"","ping_status":"open","sticky":false,"template":"","format":"standard","meta":{"footnotes":""},"categories":[1],"tags":[],"class_list":["post-22537","post","type-post","status-publish","format-standard","hentry","category-blog"],"aioseo_notices":[],"amp_enabled":true,"_links":{"self":[{"href":"https:\/\/palpite.net\/index.php\/wp-json\/wp\/v2\/posts\/22537","targetHints":{"allow":["GET"]}}],"collection":[{"href":"https:\/\/palpite.net\/index.php\/wp-json\/wp\/v2\/posts"}],"about":[{"href":"https:\/\/palpite.net\/index.php\/wp-json\/wp\/v2\/types\/post"}],"author":[{"embeddable":true,"href":"https:\/\/palpite.net\/index.php\/wp-json\/wp\/v2\/users\/1"}],"replies":[{"embeddable":true,"href":"https:\/\/palpite.net\/index.php\/wp-json\/wp\/v2\/comments?post=22537"}],"version-history":[{"count":0,"href":"https:\/\/palpite.net\/index.php\/wp-json\/wp\/v2\/posts\/22537\/revisions"}],"wp:attachment":[{"href":"https:\/\/palpite.net\/index.php\/wp-json\/wp\/v2\/media?parent=22537"}],"wp:term":[{"taxonomy":"category","embeddable":true,"href":"https:\/\/palpite.net\/index.php\/wp-json\/wp\/v2\/categories?post=22537"},{"taxonomy":"post_tag","embeddable":true,"href":"https:\/\/palpite.net\/index.php\/wp-json\/wp\/v2\/tags?post=22537"}],"curies":[{"name":"wp","href":"https:\/\/api.w.org\/{rel}","templated":true}]}}