{"id":22573,"date":"2026-05-01T19:28:33","date_gmt":"2026-05-01T22:28:33","guid":{"rendered":"https:\/\/palpite.net\/index.php\/2026\/05\/01\/futevolei-alecsandro-seguira-no-vasco-na-temporada-2026\/"},"modified":"2026-05-01T19:28:33","modified_gmt":"2026-05-01T22:28:33","slug":"futevolei-alecsandro-seguira-no-vasco-na-temporada-2026","status":"publish","type":"post","link":"https:\/\/palpite.net\/index.php\/2026\/05\/01\/futevolei-alecsandro-seguira-no-vasco-na-temporada-2026\/","title":{"rendered":"Futev\u00f4lei: Alecsandro seguir\u00e1 no Vasco na temporada 2026"},"content":{"rendered":"<p><\/p>\n<div>\n<div>vascofutevolei<\/p>\n<p>Temporada 2026 oficialmente iniciada \ud83d\udca2\n<\/p>\n<p>O Vasco FTV j\u00e1 vem pesado\u2026 e @alecgol9 est\u00e1 CONFIRMADO para mais um ano defendendo o manto vasca\u00edno!\n<\/p>\n<p>a busca pelo t\u00edtulo come\u00e7ou.\n<\/p>\n<p>Quer acompanhar tudo que vai rolar na @ligafutevoleioficial ?<\/p>\n<p>J\u00e1 segue a p\u00e1gina para n\u00e3o perder nada\n<\/p>\n<p>A sua torcida faz diferen\u00e7a \u2026 contamos com voc\u00eas!\n<\/p>\n<p>E a\u00ed j\u00e1 deixa nos coment\u00e1rios \u2026 quem voc\u00ea gostaria de ver jogando ao lado do Alec no Vasco FTV?<\/p>\n<p>#vasco #artilheiro #alecgol #futevolei\n<\/p>\n<p>Fonte: Instagram Vasco Futev\u00f4lei Oficial<\/p>\n<\/div>\n<p><!-- CONTENT END 2 -->\n<\/div>\n","protected":false},"excerpt":{"rendered":"<p>vascofutevolei Temporada 2026 oficialmente iniciada \ud83d\udca2 O Vasco FTV j\u00e1 vem pesado\u2026 e @alecgol9 est\u00e1 CONFIRMADO para mais um ano defendendo o manto vasca\u00edno! a busca pelo t\u00edtulo come\u00e7ou. Quer acompanhar tudo que vai rolar na @ligafutevoleioficial ? J\u00e1 segue a p\u00e1gina para n\u00e3o perder nada A sua torcida faz diferen\u00e7a \u2026 contamos com voc\u00eas! &#8230; <a title=\"Futev\u00f4lei: Alecsandro seguir\u00e1 no Vasco na temporada 2026\" class=\"read-more\" href=\"https:\/\/palpite.net\/index.php\/2026\/05\/01\/futevolei-alecsandro-seguira-no-vasco-na-temporada-2026\/\" aria-label=\"Read more about Futev\u00f4lei: Alecsandro seguir\u00e1 no Vasco na temporada 2026\">Ler mais<\/a><\/p>\n","protected":false},"author":1,"featured_media":0,"comment_status":"","ping_status":"open","sticky":false,"template":"","format":"standard","meta":{"footnotes":""},"categories":[1],"tags":[],"class_list":["post-22573","post","type-post","status-publish","format-standard","hentry","category-blog"],"aioseo_notices":[],"amp_enabled":true,"_links":{"self":[{"href":"https:\/\/palpite.net\/index.php\/wp-json\/wp\/v2\/posts\/22573","targetHints":{"allow":["GET"]}}],"collection":[{"href":"https:\/\/palpite.net\/index.php\/wp-json\/wp\/v2\/posts"}],"about":[{"href":"https:\/\/palpite.net\/index.php\/wp-json\/wp\/v2\/types\/post"}],"author":[{"embeddable":true,"href":"https:\/\/palpite.net\/index.php\/wp-json\/wp\/v2\/users\/1"}],"replies":[{"embeddable":true,"href":"https:\/\/palpite.net\/index.php\/wp-json\/wp\/v2\/comments?post=22573"}],"version-history":[{"count":0,"href":"https:\/\/palpite.net\/index.php\/wp-json\/wp\/v2\/posts\/22573\/revisions"}],"wp:attachment":[{"href":"https:\/\/palpite.net\/index.php\/wp-json\/wp\/v2\/media?parent=22573"}],"wp:term":[{"taxonomy":"category","embeddable":true,"href":"https:\/\/palpite.net\/index.php\/wp-json\/wp\/v2\/categories?post=22573"},{"taxonomy":"post_tag","embeddable":true,"href":"https:\/\/palpite.net\/index.php\/wp-json\/wp\/v2\/tags?post=22573"}],"curies":[{"name":"wp","href":"https:\/\/api.w.org\/{rel}","templated":true}]}}