{"id":22576,"date":"2026-05-01T21:25:59","date_gmt":"2026-05-02T00:25:59","guid":{"rendered":"https:\/\/palpite.net\/index.php\/2026\/05\/01\/lauro-chaman-e-ouro-em-etapa-a-copa-do-mundo-de-ciclismo-de-estrada\/"},"modified":"2026-05-01T21:25:59","modified_gmt":"2026-05-02T00:25:59","slug":"lauro-chaman-e-ouro-em-etapa-a-copa-do-mundo-de-ciclismo-de-estrada","status":"publish","type":"post","link":"https:\/\/palpite.net\/index.php\/2026\/05\/01\/lauro-chaman-e-ouro-em-etapa-a-copa-do-mundo-de-ciclismo-de-estrada\/","title":{"rendered":"Lauro Chaman \u00e9 ouro em etapa a Copa do Mundo de ciclismo de estrada"},"content":{"rendered":"<p><\/p>\n<div wp_automatic_readability=\"47.695127210004\">\n<p>O \u00faltimo dia da etapa da Copa do Mundo de ciclismo de estada em Gistel (B\u00e9lgica) terminou em grande estilo para o Brasil. O paulista Lauro Chaman foi campe\u00e3o na prova de 80,4 quil\u00f4metros \u2013 divididos em oito voltas \u2013 da classe MC5 (atletas que utilizam bicicletas convencionais). Representante brasileiro nos Jogos de Paris 2024, Chaman cruzou a linha de chegada em 1h48min09s, deixando para tr\u00e1s o holand\u00eas Daniel Abraham Gebru e o ucraniano Yehor Dementyev, prata e o bronze, respectivamente.<\/p>\n<p>Quem tamb\u00e9m subiu ao p\u00f3dio nesta sexta (1\u00ba) foi a paranaense Vict\u00f3ria Barbosa, que faturou a prata na classe C1 feminina (atletas com bicicletas convencionais) da prova dos 49,8 km em quatro voltas. O ouro ficou com a chinesa Wangwei Qian.<\/p>\n<p>Com as conquistas de hoje, o Brasil fechou a competi\u00e7\u00e3o com sete medalhas (um ouro e seis pratas). Na ter\u00e7a (28), primeiro dia de disputas, as paulistas Gilmara do Ros\u00e1rio e J\u00e9ssica Ferreira foram vice-campe\u00e3s nas provas de contrarrel\u00f3gio das classes H2 e H3, para ciclistas que utilizam <em>handbikes<\/em> (bicicletas impulsionadas com as m\u00e3os).<\/p>\n<p><strong>Corinthians derrota Pe\u00f1arol para seguir 100% na Libertadores<\/strong><\/p>\n<p><strong>Corrida Nacional do Sesi supera 60 mil inscritos em segunda edi\u00e7\u00e3o<\/strong><\/p>\n<div class=\"dnd-widget-wrapper context-cheio_8colunas type-image\" wp_automatic_readability=\"7.5\">\n<div class=\"dnd-caption-wrapper\" wp_automatic_readability=\"10\">\n<p><!--copyright=461461-->A paulista Gilmara do Ros\u00e1rio arrematou duas pratas na quinta-feira (30): a prmeira na prova contrarrel\u00f3gico e depois na dispua de resist\u00eancia em percurso de 29,4 km \u2013 <strong>JB Benavent\/CBC\/Direitos Reservados<\/strong><!--END copyright=461461--><\/p>\n<\/div>\n<\/div>\n<p>As brasileiras voltaram a subir ao p\u00f3dio no dia seguinte. Gilmara chegou em segundo lugar na prova de resist\u00eancia em percurso de 29,4 km (dividido em tr\u00eas voltas), com o tempo 1h30min34s, atr\u00e1s apenas da tailandesa Patcharapha Seesen, que levou o ouro. O bronze ficou com a brit\u00e2nica Marina Logacheva (1h31min44s). A compatriota J\u00e9ssica tamb\u00e9m foi vice-campe\u00e3 no percurso de 49,8 km (dividido em cinco voltas), com o tempo de 1h29min24s. O ouro ficou com a francesa Ana\u00efs Vincent (1h26min32s) e o bronze com a norte-americana Jenna Rollman (1h41min01s).<\/p>\n<p>Ao todo, 14 atletas e um piloto competiram na etapa da Copa na B\u00e9lgica. A pr\u00f3xima ser\u00e1 em Abruzzo (It\u00e1lia), com in\u00edcio na quinta (7).<\/p>\n<p><strong>Aprovada na C\u00e2mara, lei da Copa Feminina reconhece atletas pioneiras<\/strong><\/p>\n<p><strong>TV Brasil transmite jogos do Brasileir\u00e3o Feminino nesta sexta e s\u00e1bado<\/strong><\/p>\n<\/div>\n","protected":false},"excerpt":{"rendered":"<p>O \u00faltimo dia da etapa da Copa do Mundo de ciclismo de estada em Gistel (B\u00e9lgica) terminou em grande estilo para o Brasil. O paulista Lauro Chaman foi campe\u00e3o na prova de 80,4 quil\u00f4metros \u2013 divididos em oito voltas \u2013 da classe MC5 (atletas que utilizam bicicletas convencionais). Representante brasileiro nos Jogos de Paris 2024, &#8230; <a title=\"Lauro Chaman \u00e9 ouro em etapa a Copa do Mundo de ciclismo de estrada\" class=\"read-more\" href=\"https:\/\/palpite.net\/index.php\/2026\/05\/01\/lauro-chaman-e-ouro-em-etapa-a-copa-do-mundo-de-ciclismo-de-estrada\/\" aria-label=\"Read more about Lauro Chaman \u00e9 ouro em etapa a Copa do Mundo de ciclismo de estrada\">Ler mais<\/a><\/p>\n","protected":false},"author":1,"featured_media":0,"comment_status":"","ping_status":"open","sticky":false,"template":"","format":"standard","meta":{"footnotes":""},"categories":[2],"tags":[],"class_list":["post-22576","post","type-post","status-publish","format-standard","hentry","category-noticias"],"aioseo_notices":[],"amp_enabled":true,"_links":{"self":[{"href":"https:\/\/palpite.net\/index.php\/wp-json\/wp\/v2\/posts\/22576","targetHints":{"allow":["GET"]}}],"collection":[{"href":"https:\/\/palpite.net\/index.php\/wp-json\/wp\/v2\/posts"}],"about":[{"href":"https:\/\/palpite.net\/index.php\/wp-json\/wp\/v2\/types\/post"}],"author":[{"embeddable":true,"href":"https:\/\/palpite.net\/index.php\/wp-json\/wp\/v2\/users\/1"}],"replies":[{"embeddable":true,"href":"https:\/\/palpite.net\/index.php\/wp-json\/wp\/v2\/comments?post=22576"}],"version-history":[{"count":0,"href":"https:\/\/palpite.net\/index.php\/wp-json\/wp\/v2\/posts\/22576\/revisions"}],"wp:attachment":[{"href":"https:\/\/palpite.net\/index.php\/wp-json\/wp\/v2\/media?parent=22576"}],"wp:term":[{"taxonomy":"category","embeddable":true,"href":"https:\/\/palpite.net\/index.php\/wp-json\/wp\/v2\/categories?post=22576"},{"taxonomy":"post_tag","embeddable":true,"href":"https:\/\/palpite.net\/index.php\/wp-json\/wp\/v2\/tags?post=22576"}],"curies":[{"name":"wp","href":"https:\/\/api.w.org\/{rel}","templated":true}]}}