{"id":22627,"date":"2026-05-03T07:48:46","date_gmt":"2026-05-03T10:48:46","guid":{"rendered":"https:\/\/palpite.net\/index.php\/2026\/05\/03\/supervia-anuncia-trens-extras-para-urubu-x-vasco-2\/"},"modified":"2026-05-03T07:48:46","modified_gmt":"2026-05-03T10:48:46","slug":"supervia-anuncia-trens-extras-para-urubu-x-vasco-2","status":"publish","type":"post","link":"https:\/\/palpite.net\/index.php\/2026\/05\/03\/supervia-anuncia-trens-extras-para-urubu-x-vasco-2\/","title":{"rendered":"SuperVia anuncia trens extras para Urubu x Vasco"},"content":{"rendered":"<p><\/p>\n<div>\n<div>Os torcedores que forem assistir ao jogo entre Flamengo e Vasco, no domingo (03\/05), \u00e0s 16h00, no est\u00e1dio Maracan\u00e3, poder\u00e3o contar com uma opera\u00e7\u00e3o especial.<\/p>\n<p>Para a ida, teremos refor\u00e7o nas partidas de Japeri, Santa Cruz e Gramacho, com destino \u00e0 Central do Brasil. Entre 12h50 e 14h, trens procedentes de Japeri e Santa Cruz ir\u00e3o circular com intervalo m\u00e9dio de 20 minutos. J\u00e1 trens procedentes de Gramacho ter\u00e3o intervalo m\u00e9dio de 25 minutos das 13h30 \u00e0s 14h50.\n<\/p>\n<p>Ap\u00f3s a partida, teremos viagens para Santa Cruz, Japeri e Gramacho, a partir da esta\u00e7\u00e3o Maracan\u00e3. Confira:\n<\/p>\n<p>Santa Cruz: 18h27, 18h42, 18h57 e 19h12\n<\/p>\n<p>Japeri: 18h25, 18h40, 18h55 e 19h10\n<\/p>\n<p>Gramacho: 18h31, 18h51 e 19h11\n<\/p>\n<p>A programa\u00e7\u00e3o de trens extras foi elaborada a partir de informa\u00e7\u00f5es disponibilizadas pela Organiza\u00e7\u00e3o e busca garantir uma oferta de lugares em conformidade com as condi\u00e7\u00f5es operacionais dispon\u00edveis e pode ter altera\u00e7\u00f5es em virtude da din\u00e2mica do evento.\n<\/p>\n<p>Fonte: SuperVia<\/p>\n<\/div>\n<p><!-- CONTENT END 2 -->\n<\/div>\n","protected":false},"excerpt":{"rendered":"<p>Os torcedores que forem assistir ao jogo entre Flamengo e Vasco, no domingo (03\/05), \u00e0s 16h00, no est\u00e1dio Maracan\u00e3, poder\u00e3o contar com uma opera\u00e7\u00e3o especial. Para a ida, teremos refor\u00e7o nas partidas de Japeri, Santa Cruz e Gramacho, com destino \u00e0 Central do Brasil. Entre 12h50 e 14h, trens procedentes de Japeri e Santa Cruz &#8230; <a title=\"SuperVia anuncia trens extras para Urubu x Vasco\" class=\"read-more\" href=\"https:\/\/palpite.net\/index.php\/2026\/05\/03\/supervia-anuncia-trens-extras-para-urubu-x-vasco-2\/\" aria-label=\"Read more about SuperVia anuncia trens extras para Urubu x Vasco\">Ler mais<\/a><\/p>\n","protected":false},"author":1,"featured_media":0,"comment_status":"","ping_status":"open","sticky":false,"template":"","format":"standard","meta":{"footnotes":""},"categories":[1],"tags":[],"class_list":["post-22627","post","type-post","status-publish","format-standard","hentry","category-blog"],"aioseo_notices":[],"amp_enabled":true,"_links":{"self":[{"href":"https:\/\/palpite.net\/index.php\/wp-json\/wp\/v2\/posts\/22627","targetHints":{"allow":["GET"]}}],"collection":[{"href":"https:\/\/palpite.net\/index.php\/wp-json\/wp\/v2\/posts"}],"about":[{"href":"https:\/\/palpite.net\/index.php\/wp-json\/wp\/v2\/types\/post"}],"author":[{"embeddable":true,"href":"https:\/\/palpite.net\/index.php\/wp-json\/wp\/v2\/users\/1"}],"replies":[{"embeddable":true,"href":"https:\/\/palpite.net\/index.php\/wp-json\/wp\/v2\/comments?post=22627"}],"version-history":[{"count":0,"href":"https:\/\/palpite.net\/index.php\/wp-json\/wp\/v2\/posts\/22627\/revisions"}],"wp:attachment":[{"href":"https:\/\/palpite.net\/index.php\/wp-json\/wp\/v2\/media?parent=22627"}],"wp:term":[{"taxonomy":"category","embeddable":true,"href":"https:\/\/palpite.net\/index.php\/wp-json\/wp\/v2\/categories?post=22627"},{"taxonomy":"post_tag","embeddable":true,"href":"https:\/\/palpite.net\/index.php\/wp-json\/wp\/v2\/tags?post=22627"}],"curies":[{"name":"wp","href":"https:\/\/api.w.org\/{rel}","templated":true}]}}