{"id":27024,"date":"2026-09-01T01:56:18","date_gmt":"2026-09-01T04:56:18","guid":{"rendered":"https:\/\/palpite.net\/index.php\/2026\/09\/01\/natacao-paralimpica-thomaz-matera-bate-o-recorde-brasileiro-nos-50m-livre-s11-no-pan-pacifico\/"},"modified":"2026-09-01T01:56:18","modified_gmt":"2026-09-01T04:56:18","slug":"natacao-paralimpica-thomaz-matera-bate-o-recorde-brasileiro-nos-50m-livre-s11-no-pan-pacifico","status":"publish","type":"post","link":"https:\/\/palpite.net\/index.php\/2026\/09\/01\/natacao-paralimpica-thomaz-matera-bate-o-recorde-brasileiro-nos-50m-livre-s11-no-pan-pacifico\/","title":{"rendered":"Nata\u00e7\u00e3o Paral\u00edmpica: Thomaz Matera bate o recorde brasileiro nos 50m livre S11 no Pan-Pac\u00edfico"},"content":{"rendered":"<p><\/p>\n<div>\n<p>Nata\u00e7\u00e3o Paral\u00edmpica: Thomaz Matera bate o recorde brasileiro nos 50m livre S11 no Pan-Pac\u00edfico<\/p>\n<div>vascoparalimpico<\/p>\n<p>\ud83c\udfca\u200d\u2642\ufe0f\ud83c\udde7\ud83c\uddf7 Ontem chegou ao fim o Para Pan-Pac\u00edfico 2026, ap\u00f3s dias de muita concentra\u00e7\u00e3o, prepara\u00e7\u00e3o e grandes desafios.\n<\/p>\n<p>No \u00faltimo dia de competi\u00e7\u00e3o, Thomaz Matera entrou na \u00e1gua para os 50m livre e os 100m borboleta e fechou sua participa\u00e7\u00e3o com mais um grande resultado: novo recorde brasileiro nos 50m livre S11! \ud83c\udde7\ud83c\uddf7\ud83d\udd25\n<\/p>\n<p>Parab\u00e9ns, @materatom , por representar o Vasco e o Brasil em mais uma competi\u00e7\u00e3o internacional! \ud83d\udca2\ud83d\udda4\ud83e\udd0d\n<\/p>\n<p>Patroc\u00ednio: @novariooficial @gemeosricardo<\/p>\n<p>Apoio: @movingjet_oficial @cbcpoficial @arena.bra\n<\/p>\n<p>\ud83d\udcf8 @brasilparalimpico\n<\/p>\n<p>Fonte: Instagram Vasco Paral\u00edmpico<\/p>\n<\/div>\n<p><!-- CONTENT END 2 -->\n<\/div>\n","protected":false},"excerpt":{"rendered":"<p>Nata\u00e7\u00e3o Paral\u00edmpica: Thomaz Matera bate o recorde brasileiro nos 50m livre S11 no Pan-Pac\u00edfico vascoparalimpico \ud83c\udfca\u200d\u2642\ufe0f\ud83c\udde7\ud83c\uddf7 Ontem chegou ao fim o Para Pan-Pac\u00edfico 2026, ap\u00f3s dias de muita concentra\u00e7\u00e3o, prepara\u00e7\u00e3o e grandes desafios. No \u00faltimo dia de competi\u00e7\u00e3o, Thomaz Matera entrou na \u00e1gua para os 50m livre e os 100m borboleta e fechou sua participa\u00e7\u00e3o &#8230; <a title=\"Nata\u00e7\u00e3o Paral\u00edmpica: Thomaz Matera bate o recorde brasileiro nos 50m livre S11 no Pan-Pac\u00edfico\" class=\"read-more\" href=\"https:\/\/palpite.net\/index.php\/2026\/09\/01\/natacao-paralimpica-thomaz-matera-bate-o-recorde-brasileiro-nos-50m-livre-s11-no-pan-pacifico\/\" aria-label=\"Read more about Nata\u00e7\u00e3o Paral\u00edmpica: Thomaz Matera bate o recorde brasileiro nos 50m livre S11 no Pan-Pac\u00edfico\">Ler mais<\/a><\/p>\n","protected":false},"author":1,"featured_media":0,"comment_status":"","ping_status":"open","sticky":false,"template":"","format":"standard","meta":{"footnotes":""},"categories":[1],"tags":[],"class_list":["post-27024","post","type-post","status-publish","format-standard","hentry","category-blog"],"aioseo_notices":[],"aioseo_head":"\n\t\t<!-- All in One SEO 5.0.1.1 - aioseo.com -->\n\t<meta name=\"description\" content=\"Nata\u00e7\u00e3o Paral\u00edmpica: Thomaz Matera bate o recorde brasileiro nos 50m livre S11 no Pan-Pac\u00edfico vascoparalimpico \ud83c\udfca\u200d\u2642\ufe0f\ud83c\udde7\ud83c\uddf7 Ontem chegou ao fim o Para Pan-Pac\u00edfico 2026, ap\u00f3s dias de muita concentra\u00e7\u00e3o, prepara\u00e7\u00e3o e grandes desafios. No \u00faltimo dia de competi\u00e7\u00e3o, Thomaz Matera entrou na \u00e1gua para os 50m livre e os 100m borboleta e fechou sua participa\u00e7\u00e3o\" \/>\n\t<meta name=\"robots\" content=\"max-image-preview:large\" \/>\n\t<meta name=\"author\" content=\"palpite.net\"\/>\n\t<link rel=\"canonical\" href=\"https:\/\/palpite.net\/index.php\/2026\/09\/01\/natacao-paralimpica-thomaz-matera-bate-o-recorde-brasileiro-nos-50m-livre-s11-no-pan-pacifico\/\" \/>\n\t<meta name=\"generator\" content=\"All in One SEO (AIOSEO) 5.0.1.1\" \/>\n\t\t<meta property=\"og:locale\" content=\"pt_BR\" \/>\n\t\t<meta property=\"og:site_name\" content=\"PALPITE.net - PALPITES DE HOJE FUTEBOL AO VIVO ONLINE\" \/>\n\t\t<meta property=\"og:type\" content=\"article\" \/>\n\t\t<meta property=\"og:title\" content=\"Nata\u00e7\u00e3o Paral\u00edmpica: Thomaz Matera bate o recorde brasileiro nos 50m livre S11 no Pan-Pac\u00edfico - PALPITE.net\" \/>\n\t\t<meta property=\"og:description\" content=\"Nata\u00e7\u00e3o Paral\u00edmpica: Thomaz Matera bate o recorde brasileiro nos 50m livre S11 no Pan-Pac\u00edfico vascoparalimpico \ud83c\udfca\u200d\u2642\ufe0f\ud83c\udde7\ud83c\uddf7 Ontem chegou ao fim o Para Pan-Pac\u00edfico 2026, ap\u00f3s dias de muita concentra\u00e7\u00e3o, prepara\u00e7\u00e3o e grandes desafios. No \u00faltimo dia de competi\u00e7\u00e3o, Thomaz Matera entrou na \u00e1gua para os 50m livre e os 100m borboleta e fechou sua participa\u00e7\u00e3o\" \/>\n\t\t<meta property=\"og:url\" content=\"https:\/\/palpite.net\/index.php\/2026\/09\/01\/natacao-paralimpica-thomaz-matera-bate-o-recorde-brasileiro-nos-50m-livre-s11-no-pan-pacifico\/\" \/>\n\t\t<meta property=\"og:image\" content=\"https:\/\/palpite.net\/wp-content\/uploads\/2023\/06\/cropped-palpitenet2.png\" \/>\n\t\t<meta property=\"og:image:secure_url\" content=\"https:\/\/palpite.net\/wp-content\/uploads\/2023\/06\/cropped-palpitenet2.png\" \/>\n\t\t<meta property=\"article:published_time\" content=\"2026-09-01T04:56:18+00:00\" \/>\n\t\t<meta property=\"article:modified_time\" content=\"2026-09-01T04:56:18+00:00\" \/>\n\t\t<meta name=\"twitter:card\" content=\"summary_large_image\" \/>\n\t\t<meta name=\"twitter:title\" content=\"Nata\u00e7\u00e3o Paral\u00edmpica: Thomaz Matera bate o recorde brasileiro nos 50m livre S11 no Pan-Pac\u00edfico - PALPITE.net\" \/>\n\t\t<meta name=\"twitter:description\" content=\"Nata\u00e7\u00e3o Paral\u00edmpica: Thomaz Matera bate o recorde brasileiro nos 50m livre S11 no Pan-Pac\u00edfico vascoparalimpico \ud83c\udfca\u200d\u2642\ufe0f\ud83c\udde7\ud83c\uddf7 Ontem chegou ao fim o Para Pan-Pac\u00edfico 2026, ap\u00f3s dias de muita concentra\u00e7\u00e3o, prepara\u00e7\u00e3o e grandes desafios. No \u00faltimo dia de competi\u00e7\u00e3o, Thomaz Matera entrou na \u00e1gua para os 50m livre e os 100m borboleta e fechou sua participa\u00e7\u00e3o\" \/>\n\t\t<meta name=\"twitter:image\" content=\"https:\/\/palpite.net\/wp-content\/uploads\/2023\/06\/cropped-palpitenet2.png\" \/>\n\t\t<script type=\"application\/ld+json\" class=\"aioseo-schema\">\n\t\t\t{\"@context\":\"https:\\\/\\\/schema.org\",\"@graph\":[{\"@type\":\"BlogPosting\",\"@id\":\"https:\\\/\\\/palpite.net\\\/index.php\\\/2026\\\/09\\\/01\\\/natacao-paralimpica-thomaz-matera-bate-o-recorde-brasileiro-nos-50m-livre-s11-no-pan-pacifico\\\/#blogposting\",\"name\":\"Nata\\u00e7\\u00e3o Paral\\u00edmpica: Thomaz Matera bate o recorde brasileiro nos 50m livre S11 no Pan-Pac\\u00edfico - PALPITE.net\",\"headline\":\"Nata\\u00e7\\u00e3o Paral\\u00edmpica: Thomaz Matera bate o recorde brasileiro nos 50m livre S11 no Pan-Pac\\u00edfico\",\"author\":{\"@id\":\"https:\\\/\\\/palpite.net\\\/index.php\\\/author\\\/palpite-net\\\/#author\"},\"publisher\":{\"@id\":\"https:\\\/\\\/palpite.net\\\/#organization\"},\"image\":{\"@type\":\"ImageObject\",\"url\":\"https:\\\/\\\/palpite.net\\\/wp-content\\\/uploads\\\/2023\\\/06\\\/cropped-palpitenet2.png\",\"@id\":\"https:\\\/\\\/palpite.net\\\/#articleImage\",\"width\":535,\"height\":109},\"datePublished\":\"2026-09-01T01:56:18-03:00\",\"dateModified\":\"2026-09-01T01:56:18-03:00\",\"inLanguage\":\"pt-BR\",\"mainEntityOfPage\":{\"@id\":\"https:\\\/\\\/palpite.net\\\/index.php\\\/2026\\\/09\\\/01\\\/natacao-paralimpica-thomaz-matera-bate-o-recorde-brasileiro-nos-50m-livre-s11-no-pan-pacifico\\\/#webpage\"},\"isPartOf\":{\"@id\":\"https:\\\/\\\/palpite.net\\\/index.php\\\/2026\\\/09\\\/01\\\/natacao-paralimpica-thomaz-matera-bate-o-recorde-brasileiro-nos-50m-livre-s11-no-pan-pacifico\\\/#webpage\"},\"articleSection\":\"Blog\"},{\"@type\":\"BreadcrumbList\",\"@id\":\"https:\\\/\\\/palpite.net\\\/index.php\\\/2026\\\/09\\\/01\\\/natacao-paralimpica-thomaz-matera-bate-o-recorde-brasileiro-nos-50m-livre-s11-no-pan-pacifico\\\/#breadcrumblist\",\"itemListElement\":[{\"@type\":\"ListItem\",\"@id\":\"https:\\\/\\\/palpite.net#listItem\",\"position\":1,\"name\":\"Home\",\"item\":\"https:\\\/\\\/palpite.net\",\"nextItem\":{\"@type\":\"ListItem\",\"@id\":\"https:\\\/\\\/palpite.net\\\/index.php\\\/category\\\/blog\\\/#listItem\",\"name\":\"Blog\"}},{\"@type\":\"ListItem\",\"@id\":\"https:\\\/\\\/palpite.net\\\/index.php\\\/category\\\/blog\\\/#listItem\",\"position\":2,\"name\":\"Blog\",\"item\":\"https:\\\/\\\/palpite.net\\\/index.php\\\/category\\\/blog\\\/\",\"nextItem\":{\"@type\":\"ListItem\",\"@id\":\"https:\\\/\\\/palpite.net\\\/index.php\\\/2026\\\/09\\\/01\\\/natacao-paralimpica-thomaz-matera-bate-o-recorde-brasileiro-nos-50m-livre-s11-no-pan-pacifico\\\/#listItem\",\"name\":\"Nata\\u00e7\\u00e3o Paral\\u00edmpica: Thomaz Matera bate o recorde brasileiro nos 50m livre S11 no Pan-Pac\\u00edfico\"},\"previousItem\":{\"@type\":\"ListItem\",\"@id\":\"https:\\\/\\\/palpite.net#listItem\",\"name\":\"Home\"}},{\"@type\":\"ListItem\",\"@id\":\"https:\\\/\\\/palpite.net\\\/index.php\\\/2026\\\/09\\\/01\\\/natacao-paralimpica-thomaz-matera-bate-o-recorde-brasileiro-nos-50m-livre-s11-no-pan-pacifico\\\/#listItem\",\"position\":3,\"name\":\"Nata\\u00e7\\u00e3o Paral\\u00edmpica: Thomaz Matera bate o recorde brasileiro nos 50m livre S11 no Pan-Pac\\u00edfico\",\"previousItem\":{\"@type\":\"ListItem\",\"@id\":\"https:\\\/\\\/palpite.net\\\/index.php\\\/category\\\/blog\\\/#listItem\",\"name\":\"Blog\"}}]},{\"@type\":\"Organization\",\"@id\":\"https:\\\/\\\/palpite.net\\\/#organization\",\"name\":\"palpite.net\",\"description\":\"PALPITES DE HOJE FUTEBOL AO VIVO ONLINE\",\"url\":\"https:\\\/\\\/palpite.net\\\/\",\"logo\":{\"@type\":\"ImageObject\",\"url\":\"https:\\\/\\\/palpite.net\\\/wp-content\\\/uploads\\\/2023\\\/06\\\/cropped-palpitenet2.png\",\"@id\":\"https:\\\/\\\/palpite.net\\\/index.php\\\/2026\\\/09\\\/01\\\/natacao-paralimpica-thomaz-matera-bate-o-recorde-brasileiro-nos-50m-livre-s11-no-pan-pacifico\\\/#organizationLogo\",\"width\":535,\"height\":109},\"image\":{\"@id\":\"https:\\\/\\\/palpite.net\\\/index.php\\\/2026\\\/09\\\/01\\\/natacao-paralimpica-thomaz-matera-bate-o-recorde-brasileiro-nos-50m-livre-s11-no-pan-pacifico\\\/#organizationLogo\"}},{\"@type\":\"Person\",\"@id\":\"https:\\\/\\\/palpite.net\\\/index.php\\\/author\\\/palpite-net\\\/#author\",\"url\":\"https:\\\/\\\/palpite.net\\\/index.php\\\/author\\\/palpite-net\\\/\",\"name\":\"palpite.net\",\"image\":{\"@type\":\"ImageObject\",\"@id\":\"https:\\\/\\\/palpite.net\\\/index.php\\\/2026\\\/09\\\/01\\\/natacao-paralimpica-thomaz-matera-bate-o-recorde-brasileiro-nos-50m-livre-s11-no-pan-pacifico\\\/#authorImage\",\"url\":\"https:\\\/\\\/secure.gravatar.com\\\/avatar\\\/4bfa90f107182fec051217d5e8967014c689061b029a78471108e871d33dc273?s=96&d=mm&r=g\",\"width\":96,\"height\":96,\"caption\":\"palpite.net\"}},{\"@type\":\"WebPage\",\"@id\":\"https:\\\/\\\/palpite.net\\\/index.php\\\/2026\\\/09\\\/01\\\/natacao-paralimpica-thomaz-matera-bate-o-recorde-brasileiro-nos-50m-livre-s11-no-pan-pacifico\\\/#webpage\",\"url\":\"https:\\\/\\\/palpite.net\\\/index.php\\\/2026\\\/09\\\/01\\\/natacao-paralimpica-thomaz-matera-bate-o-recorde-brasileiro-nos-50m-livre-s11-no-pan-pacifico\\\/\",\"name\":\"Nata\\u00e7\\u00e3o Paral\\u00edmpica: Thomaz Matera bate o recorde brasileiro nos 50m livre S11 no Pan-Pac\\u00edfico - PALPITE.net\",\"description\":\"Nata\\u00e7\\u00e3o Paral\\u00edmpica: Thomaz Matera bate o recorde brasileiro nos 50m livre S11 no Pan-Pac\\u00edfico vascoparalimpico \\ud83c\\udfca\\u200d\\u2642\\ufe0f\\ud83c\\udde7\\ud83c\\uddf7 Ontem chegou ao fim o Para Pan-Pac\\u00edfico 2026, ap\\u00f3s dias de muita concentra\\u00e7\\u00e3o, prepara\\u00e7\\u00e3o e grandes desafios. No \\u00faltimo dia de competi\\u00e7\\u00e3o, Thomaz Matera entrou na \\u00e1gua para os 50m livre e os 100m borboleta e fechou sua participa\\u00e7\\u00e3o\",\"inLanguage\":\"pt-BR\",\"isPartOf\":{\"@id\":\"https:\\\/\\\/palpite.net\\\/#website\"},\"breadcrumb\":{\"@id\":\"https:\\\/\\\/palpite.net\\\/index.php\\\/2026\\\/09\\\/01\\\/natacao-paralimpica-thomaz-matera-bate-o-recorde-brasileiro-nos-50m-livre-s11-no-pan-pacifico\\\/#breadcrumblist\"},\"author\":{\"@id\":\"https:\\\/\\\/palpite.net\\\/index.php\\\/author\\\/palpite-net\\\/#author\"},\"creator\":{\"@id\":\"https:\\\/\\\/palpite.net\\\/index.php\\\/author\\\/palpite-net\\\/#author\"},\"datePublished\":\"2026-09-01T01:56:18-03:00\",\"dateModified\":\"2026-09-01T01:56:18-03:00\"},{\"@type\":\"WebSite\",\"@id\":\"https:\\\/\\\/palpite.net\\\/#website\",\"url\":\"https:\\\/\\\/palpite.net\\\/\",\"name\":\"palpite.net\",\"description\":\"PALPITES DE HOJE FUTEBOL AO VIVO ONLINE\",\"inLanguage\":\"pt-BR\",\"publisher\":{\"@id\":\"https:\\\/\\\/palpite.net\\\/#organization\"}}]}\n\t\t<\/script>\n\t\t<!-- All in One SEO -->\n\n","aioseo_head_json":{"title":"Nata\u00e7\u00e3o Paral\u00edmpica: Thomaz Matera bate o recorde brasileiro nos 50m livre S11 no Pan-Pac\u00edfico - PALPITE.net","description":"Nata\u00e7\u00e3o Paral\u00edmpica: Thomaz Matera bate o recorde brasileiro nos 50m livre S11 no Pan-Pac\u00edfico vascoparalimpico \ud83c\udfca\u200d\u2642\ufe0f\ud83c\udde7\ud83c\uddf7 Ontem chegou ao fim o Para Pan-Pac\u00edfico 2026, ap\u00f3s dias de muita concentra\u00e7\u00e3o, prepara\u00e7\u00e3o e grandes desafios. No \u00faltimo dia de competi\u00e7\u00e3o, Thomaz Matera entrou na \u00e1gua para os 50m livre e os 100m borboleta e fechou sua participa\u00e7\u00e3o","canonical_url":"https:\/\/palpite.net\/index.php\/2026\/09\/01\/natacao-paralimpica-thomaz-matera-bate-o-recorde-brasileiro-nos-50m-livre-s11-no-pan-pacifico\/","robots":"max-image-preview:large","keywords":"","webmasterTools":{"miscellaneous":""},"schema":{"@context":"https:\/\/schema.org","@graph":[{"@type":"BlogPosting","@id":"https:\/\/palpite.net\/index.php\/2026\/09\/01\/natacao-paralimpica-thomaz-matera-bate-o-recorde-brasileiro-nos-50m-livre-s11-no-pan-pacifico\/#blogposting","name":"Nata\u00e7\u00e3o Paral\u00edmpica: Thomaz Matera bate o recorde brasileiro nos 50m livre S11 no Pan-Pac\u00edfico - PALPITE.net","headline":"Nata\u00e7\u00e3o Paral\u00edmpica: Thomaz Matera bate o recorde brasileiro nos 50m livre S11 no Pan-Pac\u00edfico","author":{"@id":"https:\/\/palpite.net\/index.php\/author\/palpite-net\/#author"},"publisher":{"@id":"https:\/\/palpite.net\/#organization"},"image":{"@type":"ImageObject","url":"https:\/\/palpite.net\/wp-content\/uploads\/2023\/06\/cropped-palpitenet2.png","@id":"https:\/\/palpite.net\/#articleImage","width":535,"height":109},"datePublished":"2026-09-01T01:56:18-03:00","dateModified":"2026-09-01T01:56:18-03:00","inLanguage":"pt-BR","mainEntityOfPage":{"@id":"https:\/\/palpite.net\/index.php\/2026\/09\/01\/natacao-paralimpica-thomaz-matera-bate-o-recorde-brasileiro-nos-50m-livre-s11-no-pan-pacifico\/#webpage"},"isPartOf":{"@id":"https:\/\/palpite.net\/index.php\/2026\/09\/01\/natacao-paralimpica-thomaz-matera-bate-o-recorde-brasileiro-nos-50m-livre-s11-no-pan-pacifico\/#webpage"},"articleSection":"Blog"},{"@type":"BreadcrumbList","@id":"https:\/\/palpite.net\/index.php\/2026\/09\/01\/natacao-paralimpica-thomaz-matera-bate-o-recorde-brasileiro-nos-50m-livre-s11-no-pan-pacifico\/#breadcrumblist","itemListElement":[{"@type":"ListItem","@id":"https:\/\/palpite.net#listItem","position":1,"name":"Home","item":"https:\/\/palpite.net","nextItem":{"@type":"ListItem","@id":"https:\/\/palpite.net\/index.php\/category\/blog\/#listItem","name":"Blog"}},{"@type":"ListItem","@id":"https:\/\/palpite.net\/index.php\/category\/blog\/#listItem","position":2,"name":"Blog","item":"https:\/\/palpite.net\/index.php\/category\/blog\/","nextItem":{"@type":"ListItem","@id":"https:\/\/palpite.net\/index.php\/2026\/09\/01\/natacao-paralimpica-thomaz-matera-bate-o-recorde-brasileiro-nos-50m-livre-s11-no-pan-pacifico\/#listItem","name":"Nata\u00e7\u00e3o Paral\u00edmpica: Thomaz Matera bate o recorde brasileiro nos 50m livre S11 no Pan-Pac\u00edfico"},"previousItem":{"@type":"ListItem","@id":"https:\/\/palpite.net#listItem","name":"Home"}},{"@type":"ListItem","@id":"https:\/\/palpite.net\/index.php\/2026\/09\/01\/natacao-paralimpica-thomaz-matera-bate-o-recorde-brasileiro-nos-50m-livre-s11-no-pan-pacifico\/#listItem","position":3,"name":"Nata\u00e7\u00e3o Paral\u00edmpica: Thomaz Matera bate o recorde brasileiro nos 50m livre S11 no Pan-Pac\u00edfico","previousItem":{"@type":"ListItem","@id":"https:\/\/palpite.net\/index.php\/category\/blog\/#listItem","name":"Blog"}}]},{"@type":"Organization","@id":"https:\/\/palpite.net\/#organization","name":"palpite.net","description":"PALPITES DE HOJE FUTEBOL AO VIVO ONLINE","url":"https:\/\/palpite.net\/","logo":{"@type":"ImageObject","url":"https:\/\/palpite.net\/wp-content\/uploads\/2023\/06\/cropped-palpitenet2.png","@id":"https:\/\/palpite.net\/index.php\/2026\/09\/01\/natacao-paralimpica-thomaz-matera-bate-o-recorde-brasileiro-nos-50m-livre-s11-no-pan-pacifico\/#organizationLogo","width":535,"height":109},"image":{"@id":"https:\/\/palpite.net\/index.php\/2026\/09\/01\/natacao-paralimpica-thomaz-matera-bate-o-recorde-brasileiro-nos-50m-livre-s11-no-pan-pacifico\/#organizationLogo"}},{"@type":"Person","@id":"https:\/\/palpite.net\/index.php\/author\/palpite-net\/#author","url":"https:\/\/palpite.net\/index.php\/author\/palpite-net\/","name":"palpite.net","image":{"@type":"ImageObject","@id":"https:\/\/palpite.net\/index.php\/2026\/09\/01\/natacao-paralimpica-thomaz-matera-bate-o-recorde-brasileiro-nos-50m-livre-s11-no-pan-pacifico\/#authorImage","url":"https:\/\/secure.gravatar.com\/avatar\/4bfa90f107182fec051217d5e8967014c689061b029a78471108e871d33dc273?s=96&d=mm&r=g","width":96,"height":96,"caption":"palpite.net"}},{"@type":"WebPage","@id":"https:\/\/palpite.net\/index.php\/2026\/09\/01\/natacao-paralimpica-thomaz-matera-bate-o-recorde-brasileiro-nos-50m-livre-s11-no-pan-pacifico\/#webpage","url":"https:\/\/palpite.net\/index.php\/2026\/09\/01\/natacao-paralimpica-thomaz-matera-bate-o-recorde-brasileiro-nos-50m-livre-s11-no-pan-pacifico\/","name":"Nata\u00e7\u00e3o Paral\u00edmpica: Thomaz Matera bate o recorde brasileiro nos 50m livre S11 no Pan-Pac\u00edfico - PALPITE.net","description":"Nata\u00e7\u00e3o Paral\u00edmpica: Thomaz Matera bate o recorde brasileiro nos 50m livre S11 no Pan-Pac\u00edfico vascoparalimpico \ud83c\udfca\u200d\u2642\ufe0f\ud83c\udde7\ud83c\uddf7 Ontem chegou ao fim o Para Pan-Pac\u00edfico 2026, ap\u00f3s dias de muita concentra\u00e7\u00e3o, prepara\u00e7\u00e3o e grandes desafios. No \u00faltimo dia de competi\u00e7\u00e3o, Thomaz Matera entrou na \u00e1gua para os 50m livre e os 100m borboleta e fechou sua participa\u00e7\u00e3o","inLanguage":"pt-BR","isPartOf":{"@id":"https:\/\/palpite.net\/#website"},"breadcrumb":{"@id":"https:\/\/palpite.net\/index.php\/2026\/09\/01\/natacao-paralimpica-thomaz-matera-bate-o-recorde-brasileiro-nos-50m-livre-s11-no-pan-pacifico\/#breadcrumblist"},"author":{"@id":"https:\/\/palpite.net\/index.php\/author\/palpite-net\/#author"},"creator":{"@id":"https:\/\/palpite.net\/index.php\/author\/palpite-net\/#author"},"datePublished":"2026-09-01T01:56:18-03:00","dateModified":"2026-09-01T01:56:18-03:00"},{"@type":"WebSite","@id":"https:\/\/palpite.net\/#website","url":"https:\/\/palpite.net\/","name":"palpite.net","description":"PALPITES DE HOJE FUTEBOL AO VIVO ONLINE","inLanguage":"pt-BR","publisher":{"@id":"https:\/\/palpite.net\/#organization"}}]},"og:locale":"pt_BR","og:site_name":"PALPITE.net - PALPITES DE HOJE FUTEBOL AO VIVO ONLINE","og:type":"article","og:title":"Nata\u00e7\u00e3o Paral\u00edmpica: Thomaz Matera bate o recorde brasileiro nos 50m livre S11 no Pan-Pac\u00edfico - PALPITE.net","og:description":"Nata\u00e7\u00e3o Paral\u00edmpica: Thomaz Matera bate o recorde brasileiro nos 50m livre S11 no Pan-Pac\u00edfico vascoparalimpico \ud83c\udfca\u200d\u2642\ufe0f\ud83c\udde7\ud83c\uddf7 Ontem chegou ao fim o Para Pan-Pac\u00edfico 2026, ap\u00f3s dias de muita concentra\u00e7\u00e3o, prepara\u00e7\u00e3o e grandes desafios. No \u00faltimo dia de competi\u00e7\u00e3o, Thomaz Matera entrou na \u00e1gua para os 50m livre e os 100m borboleta e fechou sua participa\u00e7\u00e3o","og:url":"https:\/\/palpite.net\/index.php\/2026\/09\/01\/natacao-paralimpica-thomaz-matera-bate-o-recorde-brasileiro-nos-50m-livre-s11-no-pan-pacifico\/","og:image":"https:\/\/palpite.net\/wp-content\/uploads\/2023\/06\/cropped-palpitenet2.png","og:image:secure_url":"https:\/\/palpite.net\/wp-content\/uploads\/2023\/06\/cropped-palpitenet2.png","article:published_time":"2026-09-01T04:56:18+00:00","article:modified_time":"2026-09-01T04:56:18+00:00","twitter:card":"summary_large_image","twitter:title":"Nata\u00e7\u00e3o Paral\u00edmpica: Thomaz Matera bate o recorde brasileiro nos 50m livre S11 no Pan-Pac\u00edfico - PALPITE.net","twitter:description":"Nata\u00e7\u00e3o Paral\u00edmpica: Thomaz Matera bate o recorde brasileiro nos 50m livre S11 no Pan-Pac\u00edfico vascoparalimpico \ud83c\udfca\u200d\u2642\ufe0f\ud83c\udde7\ud83c\uddf7 Ontem chegou ao fim o Para Pan-Pac\u00edfico 2026, ap\u00f3s dias de muita concentra\u00e7\u00e3o, prepara\u00e7\u00e3o e grandes desafios. No \u00faltimo dia de competi\u00e7\u00e3o, Thomaz Matera entrou na \u00e1gua para os 50m livre e os 100m borboleta e fechou sua participa\u00e7\u00e3o","twitter:image":"https:\/\/palpite.net\/wp-content\/uploads\/2023\/06\/cropped-palpitenet2.png"},"aioseo_meta_data":[],"aioseo_breadcrumb":"<div class=\"aioseo-breadcrumbs\"><span class=\"aioseo-breadcrumb\">\n\t\t\t<a href=\"https:\/\/palpite.net\" title=\"Home\">Home<\/a>\n\t\t<\/span><span class=\"aioseo-breadcrumb-separator\">&raquo;<\/span><span class=\"aioseo-breadcrumb\">\n\t\t\t<a href=\"https:\/\/palpite.net\/index.php\/category\/blog\/\" title=\"Blog\">Blog<\/a>\n\t\t<\/span><span class=\"aioseo-breadcrumb-separator\">&raquo;<\/span><span class=\"aioseo-breadcrumb\">\n\t\t\tNata\u00e7\u00e3o Paral\u00edmpica: Thomaz Matera bate o recorde brasileiro nos 50m livre S11 no Pan-Pac\u00edfico\n\t\t<\/span><\/div>","aioseo_breadcrumb_json":[{"label":"Home","link":"https:\/\/palpite.net"},{"label":"Blog","link":"https:\/\/palpite.net\/index.php\/category\/blog\/"},{"label":"Nata\u00e7\u00e3o Paral\u00edmpica: Thomaz Matera bate o recorde brasileiro nos 50m livre S11 no Pan-Pac\u00edfico","link":"https:\/\/palpite.net\/index.php\/2026\/09\/01\/natacao-paralimpica-thomaz-matera-bate-o-recorde-brasileiro-nos-50m-livre-s11-no-pan-pacifico\/"}],"amp_enabled":true,"_links":{"self":[{"href":"https:\/\/palpite.net\/index.php\/wp-json\/wp\/v2\/posts\/27024","targetHints":{"allow":["GET"]}}],"collection":[{"href":"https:\/\/palpite.net\/index.php\/wp-json\/wp\/v2\/posts"}],"about":[{"href":"https:\/\/palpite.net\/index.php\/wp-json\/wp\/v2\/types\/post"}],"author":[{"embeddable":true,"href":"https:\/\/palpite.net\/index.php\/wp-json\/wp\/v2\/users\/1"}],"replies":[{"embeddable":true,"href":"https:\/\/palpite.net\/index.php\/wp-json\/wp\/v2\/comments?post=27024"}],"version-history":[{"count":0,"href":"https:\/\/palpite.net\/index.php\/wp-json\/wp\/v2\/posts\/27024\/revisions"}],"wp:attachment":[{"href":"https:\/\/palpite.net\/index.php\/wp-json\/wp\/v2\/media?parent=27024"}],"wp:term":[{"taxonomy":"category","embeddable":true,"href":"https:\/\/palpite.net\/index.php\/wp-json\/wp\/v2\/categories?post=27024"},{"taxonomy":"post_tag","embeddable":true,"href":"https:\/\/palpite.net\/index.php\/wp-json\/wp\/v2\/tags?post=27024"}],"curies":[{"name":"wp","href":"https:\/\/api.w.org\/{rel}","templated":true}]}}