{"id":27094,"date":"2026-09-03T00:46:52","date_gmt":"2026-09-03T03:46:52","guid":{"rendered":"https:\/\/palpite.net\/index.php\/2026\/09\/03\/veja-como-a-imprensa-destacou-a-vitoria-do-vasco-diante-do-vitoria-e-a-classificacao-na-copa-do-brasil\/"},"modified":"2026-09-03T00:46:52","modified_gmt":"2026-09-03T03:46:52","slug":"veja-como-a-imprensa-destacou-a-vitoria-do-vasco-diante-do-vitoria-e-a-classificacao-na-copa-do-brasil","status":"publish","type":"post","link":"https:\/\/palpite.net\/index.php\/2026\/09\/03\/veja-como-a-imprensa-destacou-a-vitoria-do-vasco-diante-do-vitoria-e-a-classificacao-na-copa-do-brasil\/","title":{"rendered":"Veja como a imprensa destacou a vit\u00f3ria do Vasco diante do Vit\u00f3ria e a classifica\u00e7\u00e3o na Copa do Brasil"},"content":{"rendered":"<p><\/p>\n<div>\n<p>Veja como a imprensa destacou a vit\u00f3ria do Vasco diante do Vit\u00f3ria e a classifica\u00e7\u00e3o na Copa do Brasil<\/p>\n<div>Pelas quartas de final da Copa do Brasil, o Vasco venceu o Vit\u00f3ria por 2 a 0 no Barrad\u00e3o e se classificou para a semifinal. Veja como a imprensa destacou.<\/p>\n<p>CNN:\n<\/p>\n<p>\u201cCopa do Brasil: Vasco bate Vit\u00f3ria e vai \u00e0 semifinal pela 3\u00aa edi\u00e7\u00e3o seguida\u201d\n<\/p>\n<p>ESPN:\n<\/p>\n<p>\u201cAndr\u00e9s G\u00f3mez decide de novo, Vasco elimina o Vit\u00f3ria no Barrad\u00e3o e encara o Palmeiras na semi da Copa do Brasil\u201d\n<\/p>\n<p>Extra:\n<\/p>\n<p>\u201cCom dois gola\u00e7os, Vasco vence o Vit\u00f3ria e avan\u00e7a \u00e0 semifinal da Copa do Brasil\u201d\n<\/p>\n<p>Futebol Interior:<\/p>\n<p>\u201cVit\u00f3ria 0 x 2 Vasco \u2013 Com gola\u00e7os, Cruzmaltino vai \u00e0s semifinais da Copa do Brasil\u201d<\/p>\n<p>Gazeta Esportiva:\n<\/p>\n<p>\u201cVasco ganha do Vit\u00f3ria e ser\u00e1 rival do Palmeiras na semifinal da Copa do Brasil\u201d\n<\/p>\n<p>ge:\n<\/p>\n<p>\u201cVasco vence o Vit\u00f3ria de novo e avan\u00e7a para encarar o Palmeiras\u201d\n<\/p>\n<p>Jogada 10:\n<\/p>\n<p>\u201cVasco derruba Vit\u00f3ria no Barrad\u00e3o e vai \u00e0 semifinal\u201d\n<\/p>\n<p>Lance:<\/p>\n<p>\u201cVasco supera novamente o Vit\u00f3ria e se classifica na Copa do Brasil\u201d\n<\/p>\n<p>Meia Hora:\n<\/p>\n<p>\u201cVasco segura press\u00e3o no Barrad\u00e3o bate o Vit\u00f3ria e vai \u00e0s semifinais da Copa do Brasil\u201d\n<\/p>\n<p>O Dia:\n<\/p>\n<p>\u201cVasco bate o Vit\u00f3ria e vai \u00e0 semifinal da Copa do Brasil\u201d\n<\/p>\n<p>O Globo:\n<\/p>\n<p>\u201cCom dois gola\u00e7os, Vasco vence o Vit\u00f3ria e avan\u00e7a \u00e0 semifinal da Copa do Brasil\u201d<\/p>\n<p>O Gol:<\/p>\n<p>\u201cAndr\u00e9s G\u00f3mez decide de novo, Vasco bate o Vit\u00f3ria e vai \u00e0 semifinal da Copa do Brasil\u201d\n<\/p>\n<p>R\u00e1dio Itatiaia:\n<\/p>\n<p>\u201cVasco vence outra vez o Vit\u00f3ria e est\u00e1 na semifinal da Copa do Brasil\u201d\n<\/p>\n<p>R\u00e1dio Tupi:\n<\/p>\n<p>\u201cVasco vence o Vit\u00f3ria no Barrad\u00e3o e avan\u00e7a \u00e0s semifinais da Copa do Brasil\u201d\n<\/p>\n<p>UOL:\n<\/p>\n<p>\u201cVasco brilha no 2\u00ba tempo, derruba o Vit\u00f3ria e vai encarar Palmeiras na semi\u201d<\/p>\n<p>Fonte: NETVASCO<\/p>\n<\/div>\n<p><!-- CONTENT END 2 -->\n<\/div>\n","protected":false},"excerpt":{"rendered":"<p>Veja como a imprensa destacou a vit\u00f3ria do Vasco diante do Vit\u00f3ria e a classifica\u00e7\u00e3o na Copa do Brasil Pelas quartas de final da Copa do Brasil, o Vasco venceu o Vit\u00f3ria por 2 a 0 no Barrad\u00e3o e se classificou para a semifinal. Veja como a imprensa destacou. CNN: \u201cCopa do Brasil: Vasco bate &#8230; <a title=\"Veja como a imprensa destacou a vit\u00f3ria do Vasco diante do Vit\u00f3ria e a classifica\u00e7\u00e3o na Copa do Brasil\" class=\"read-more\" href=\"https:\/\/palpite.net\/index.php\/2026\/09\/03\/veja-como-a-imprensa-destacou-a-vitoria-do-vasco-diante-do-vitoria-e-a-classificacao-na-copa-do-brasil\/\" aria-label=\"Read more about Veja como a imprensa destacou a vit\u00f3ria do Vasco diante do Vit\u00f3ria e a classifica\u00e7\u00e3o na Copa do Brasil\">Ler mais<\/a><\/p>\n","protected":false},"author":1,"featured_media":0,"comment_status":"","ping_status":"open","sticky":false,"template":"","format":"standard","meta":{"footnotes":""},"categories":[1],"tags":[],"class_list":["post-27094","post","type-post","status-publish","format-standard","hentry","category-blog"],"aioseo_notices":[],"aioseo_head":"\n\t\t<!-- All in One SEO 5.0.1.1 - aioseo.com -->\n\t<meta name=\"description\" content=\"Veja como a imprensa destacou a vit\u00f3ria do Vasco diante do Vit\u00f3ria e a classifica\u00e7\u00e3o na Copa do Brasil Pelas quartas de final da Copa do Brasil, o Vasco venceu o Vit\u00f3ria por 2 a 0 no Barrad\u00e3o e se classificou para a semifinal. Veja como a imprensa destacou. CNN: \u201cCopa do Brasil: Vasco bate\" \/>\n\t<meta name=\"robots\" content=\"max-image-preview:large\" \/>\n\t<meta name=\"author\" content=\"palpite.net\"\/>\n\t<link rel=\"canonical\" href=\"https:\/\/palpite.net\/index.php\/2026\/09\/03\/veja-como-a-imprensa-destacou-a-vitoria-do-vasco-diante-do-vitoria-e-a-classificacao-na-copa-do-brasil\/\" \/>\n\t<meta name=\"generator\" content=\"All in One SEO (AIOSEO) 5.0.1.1\" \/>\n\t\t<meta property=\"og:locale\" content=\"pt_BR\" \/>\n\t\t<meta property=\"og:site_name\" content=\"PALPITE.net - PALPITES DE HOJE FUTEBOL AO VIVO ONLINE\" \/>\n\t\t<meta property=\"og:type\" content=\"article\" \/>\n\t\t<meta property=\"og:title\" content=\"Veja como a imprensa destacou a vit\u00f3ria do Vasco diante do Vit\u00f3ria e a classifica\u00e7\u00e3o na Copa do Brasil - PALPITE.net\" \/>\n\t\t<meta property=\"og:description\" content=\"Veja como a imprensa destacou a vit\u00f3ria do Vasco diante do Vit\u00f3ria e a classifica\u00e7\u00e3o na Copa do Brasil Pelas quartas de final da Copa do Brasil, o Vasco venceu o Vit\u00f3ria por 2 a 0 no Barrad\u00e3o e se classificou para a semifinal. Veja como a imprensa destacou. CNN: \u201cCopa do Brasil: Vasco bate\" \/>\n\t\t<meta property=\"og:url\" content=\"https:\/\/palpite.net\/index.php\/2026\/09\/03\/veja-como-a-imprensa-destacou-a-vitoria-do-vasco-diante-do-vitoria-e-a-classificacao-na-copa-do-brasil\/\" \/>\n\t\t<meta property=\"og:image\" content=\"https:\/\/palpite.net\/wp-content\/uploads\/2023\/06\/cropped-palpitenet2.png\" \/>\n\t\t<meta property=\"og:image:secure_url\" content=\"https:\/\/palpite.net\/wp-content\/uploads\/2023\/06\/cropped-palpitenet2.png\" \/>\n\t\t<meta property=\"article:published_time\" content=\"2026-09-03T03:46:52+00:00\" \/>\n\t\t<meta property=\"article:modified_time\" content=\"2026-09-03T03:46:52+00:00\" \/>\n\t\t<meta name=\"twitter:card\" content=\"summary_large_image\" \/>\n\t\t<meta name=\"twitter:title\" content=\"Veja como a imprensa destacou a vit\u00f3ria do Vasco diante do Vit\u00f3ria e a classifica\u00e7\u00e3o na Copa do Brasil - PALPITE.net\" \/>\n\t\t<meta name=\"twitter:description\" content=\"Veja como a imprensa destacou a vit\u00f3ria do Vasco diante do Vit\u00f3ria e a classifica\u00e7\u00e3o na Copa do Brasil Pelas quartas de final da Copa do Brasil, o Vasco venceu o Vit\u00f3ria por 2 a 0 no Barrad\u00e3o e se classificou para a semifinal. Veja como a imprensa destacou. CNN: \u201cCopa do Brasil: Vasco bate\" \/>\n\t\t<meta name=\"twitter:image\" content=\"https:\/\/palpite.net\/wp-content\/uploads\/2023\/06\/cropped-palpitenet2.png\" \/>\n\t\t<script type=\"application\/ld+json\" class=\"aioseo-schema\">\n\t\t\t{\"@context\":\"https:\\\/\\\/schema.org\",\"@graph\":[{\"@type\":\"BlogPosting\",\"@id\":\"https:\\\/\\\/palpite.net\\\/index.php\\\/2026\\\/09\\\/03\\\/veja-como-a-imprensa-destacou-a-vitoria-do-vasco-diante-do-vitoria-e-a-classificacao-na-copa-do-brasil\\\/#blogposting\",\"name\":\"Veja como a imprensa destacou a vit\\u00f3ria do Vasco diante do Vit\\u00f3ria e a classifica\\u00e7\\u00e3o na Copa do Brasil - PALPITE.net\",\"headline\":\"Veja como a imprensa destacou a vit\\u00f3ria do Vasco diante do Vit\\u00f3ria e a classifica\\u00e7\\u00e3o na Copa do Brasil\",\"author\":{\"@id\":\"https:\\\/\\\/palpite.net\\\/index.php\\\/author\\\/palpite-net\\\/#author\"},\"publisher\":{\"@id\":\"https:\\\/\\\/palpite.net\\\/#organization\"},\"image\":{\"@type\":\"ImageObject\",\"url\":\"https:\\\/\\\/palpite.net\\\/wp-content\\\/uploads\\\/2023\\\/06\\\/cropped-palpitenet2.png\",\"@id\":\"https:\\\/\\\/palpite.net\\\/#articleImage\",\"width\":535,\"height\":109},\"datePublished\":\"2026-09-03T00:46:52-03:00\",\"dateModified\":\"2026-09-03T00:46:52-03:00\",\"inLanguage\":\"pt-BR\",\"mainEntityOfPage\":{\"@id\":\"https:\\\/\\\/palpite.net\\\/index.php\\\/2026\\\/09\\\/03\\\/veja-como-a-imprensa-destacou-a-vitoria-do-vasco-diante-do-vitoria-e-a-classificacao-na-copa-do-brasil\\\/#webpage\"},\"isPartOf\":{\"@id\":\"https:\\\/\\\/palpite.net\\\/index.php\\\/2026\\\/09\\\/03\\\/veja-como-a-imprensa-destacou-a-vitoria-do-vasco-diante-do-vitoria-e-a-classificacao-na-copa-do-brasil\\\/#webpage\"},\"articleSection\":\"Blog\"},{\"@type\":\"BreadcrumbList\",\"@id\":\"https:\\\/\\\/palpite.net\\\/index.php\\\/2026\\\/09\\\/03\\\/veja-como-a-imprensa-destacou-a-vitoria-do-vasco-diante-do-vitoria-e-a-classificacao-na-copa-do-brasil\\\/#breadcrumblist\",\"itemListElement\":[{\"@type\":\"ListItem\",\"@id\":\"https:\\\/\\\/palpite.net#listItem\",\"position\":1,\"name\":\"Home\",\"item\":\"https:\\\/\\\/palpite.net\",\"nextItem\":{\"@type\":\"ListItem\",\"@id\":\"https:\\\/\\\/palpite.net\\\/index.php\\\/category\\\/blog\\\/#listItem\",\"name\":\"Blog\"}},{\"@type\":\"ListItem\",\"@id\":\"https:\\\/\\\/palpite.net\\\/index.php\\\/category\\\/blog\\\/#listItem\",\"position\":2,\"name\":\"Blog\",\"item\":\"https:\\\/\\\/palpite.net\\\/index.php\\\/category\\\/blog\\\/\",\"nextItem\":{\"@type\":\"ListItem\",\"@id\":\"https:\\\/\\\/palpite.net\\\/index.php\\\/2026\\\/09\\\/03\\\/veja-como-a-imprensa-destacou-a-vitoria-do-vasco-diante-do-vitoria-e-a-classificacao-na-copa-do-brasil\\\/#listItem\",\"name\":\"Veja como a imprensa destacou a vit\\u00f3ria do Vasco diante do Vit\\u00f3ria e a classifica\\u00e7\\u00e3o na Copa do Brasil\"},\"previousItem\":{\"@type\":\"ListItem\",\"@id\":\"https:\\\/\\\/palpite.net#listItem\",\"name\":\"Home\"}},{\"@type\":\"ListItem\",\"@id\":\"https:\\\/\\\/palpite.net\\\/index.php\\\/2026\\\/09\\\/03\\\/veja-como-a-imprensa-destacou-a-vitoria-do-vasco-diante-do-vitoria-e-a-classificacao-na-copa-do-brasil\\\/#listItem\",\"position\":3,\"name\":\"Veja como a imprensa destacou a vit\\u00f3ria do Vasco diante do Vit\\u00f3ria e a classifica\\u00e7\\u00e3o na Copa do Brasil\",\"previousItem\":{\"@type\":\"ListItem\",\"@id\":\"https:\\\/\\\/palpite.net\\\/index.php\\\/category\\\/blog\\\/#listItem\",\"name\":\"Blog\"}}]},{\"@type\":\"Organization\",\"@id\":\"https:\\\/\\\/palpite.net\\\/#organization\",\"name\":\"palpite.net\",\"description\":\"PALPITES DE HOJE FUTEBOL AO VIVO ONLINE\",\"url\":\"https:\\\/\\\/palpite.net\\\/\",\"logo\":{\"@type\":\"ImageObject\",\"url\":\"https:\\\/\\\/palpite.net\\\/wp-content\\\/uploads\\\/2023\\\/06\\\/cropped-palpitenet2.png\",\"@id\":\"https:\\\/\\\/palpite.net\\\/index.php\\\/2026\\\/09\\\/03\\\/veja-como-a-imprensa-destacou-a-vitoria-do-vasco-diante-do-vitoria-e-a-classificacao-na-copa-do-brasil\\\/#organizationLogo\",\"width\":535,\"height\":109},\"image\":{\"@id\":\"https:\\\/\\\/palpite.net\\\/index.php\\\/2026\\\/09\\\/03\\\/veja-como-a-imprensa-destacou-a-vitoria-do-vasco-diante-do-vitoria-e-a-classificacao-na-copa-do-brasil\\\/#organizationLogo\"}},{\"@type\":\"Person\",\"@id\":\"https:\\\/\\\/palpite.net\\\/index.php\\\/author\\\/palpite-net\\\/#author\",\"url\":\"https:\\\/\\\/palpite.net\\\/index.php\\\/author\\\/palpite-net\\\/\",\"name\":\"palpite.net\",\"image\":{\"@type\":\"ImageObject\",\"@id\":\"https:\\\/\\\/palpite.net\\\/index.php\\\/2026\\\/09\\\/03\\\/veja-como-a-imprensa-destacou-a-vitoria-do-vasco-diante-do-vitoria-e-a-classificacao-na-copa-do-brasil\\\/#authorImage\",\"url\":\"https:\\\/\\\/secure.gravatar.com\\\/avatar\\\/4bfa90f107182fec051217d5e8967014c689061b029a78471108e871d33dc273?s=96&d=mm&r=g\",\"width\":96,\"height\":96,\"caption\":\"palpite.net\"}},{\"@type\":\"WebPage\",\"@id\":\"https:\\\/\\\/palpite.net\\\/index.php\\\/2026\\\/09\\\/03\\\/veja-como-a-imprensa-destacou-a-vitoria-do-vasco-diante-do-vitoria-e-a-classificacao-na-copa-do-brasil\\\/#webpage\",\"url\":\"https:\\\/\\\/palpite.net\\\/index.php\\\/2026\\\/09\\\/03\\\/veja-como-a-imprensa-destacou-a-vitoria-do-vasco-diante-do-vitoria-e-a-classificacao-na-copa-do-brasil\\\/\",\"name\":\"Veja como a imprensa destacou a vit\\u00f3ria do Vasco diante do Vit\\u00f3ria e a classifica\\u00e7\\u00e3o na Copa do Brasil - PALPITE.net\",\"description\":\"Veja como a imprensa destacou a vit\\u00f3ria do Vasco diante do Vit\\u00f3ria e a classifica\\u00e7\\u00e3o na Copa do Brasil Pelas quartas de final da Copa do Brasil, o Vasco venceu o Vit\\u00f3ria por 2 a 0 no Barrad\\u00e3o e se classificou para a semifinal. Veja como a imprensa destacou. CNN: \\u201cCopa do Brasil: Vasco bate\",\"inLanguage\":\"pt-BR\",\"isPartOf\":{\"@id\":\"https:\\\/\\\/palpite.net\\\/#website\"},\"breadcrumb\":{\"@id\":\"https:\\\/\\\/palpite.net\\\/index.php\\\/2026\\\/09\\\/03\\\/veja-como-a-imprensa-destacou-a-vitoria-do-vasco-diante-do-vitoria-e-a-classificacao-na-copa-do-brasil\\\/#breadcrumblist\"},\"author\":{\"@id\":\"https:\\\/\\\/palpite.net\\\/index.php\\\/author\\\/palpite-net\\\/#author\"},\"creator\":{\"@id\":\"https:\\\/\\\/palpite.net\\\/index.php\\\/author\\\/palpite-net\\\/#author\"},\"datePublished\":\"2026-09-03T00:46:52-03:00\",\"dateModified\":\"2026-09-03T00:46:52-03:00\"},{\"@type\":\"WebSite\",\"@id\":\"https:\\\/\\\/palpite.net\\\/#website\",\"url\":\"https:\\\/\\\/palpite.net\\\/\",\"name\":\"palpite.net\",\"description\":\"PALPITES DE HOJE FUTEBOL AO VIVO ONLINE\",\"inLanguage\":\"pt-BR\",\"publisher\":{\"@id\":\"https:\\\/\\\/palpite.net\\\/#organization\"}}]}\n\t\t<\/script>\n\t\t<!-- All in One SEO -->\n\n","aioseo_head_json":{"title":"Veja como a imprensa destacou a vit\u00f3ria do Vasco diante do Vit\u00f3ria e a classifica\u00e7\u00e3o na Copa do Brasil - PALPITE.net","description":"Veja como a imprensa destacou a vit\u00f3ria do Vasco diante do Vit\u00f3ria e a classifica\u00e7\u00e3o na Copa do Brasil Pelas quartas de final da Copa do Brasil, o Vasco venceu o Vit\u00f3ria por 2 a 0 no Barrad\u00e3o e se classificou para a semifinal. Veja como a imprensa destacou. CNN: \u201cCopa do Brasil: Vasco bate","canonical_url":"https:\/\/palpite.net\/index.php\/2026\/09\/03\/veja-como-a-imprensa-destacou-a-vitoria-do-vasco-diante-do-vitoria-e-a-classificacao-na-copa-do-brasil\/","robots":"max-image-preview:large","keywords":"","webmasterTools":{"miscellaneous":""},"schema":{"@context":"https:\/\/schema.org","@graph":[{"@type":"BlogPosting","@id":"https:\/\/palpite.net\/index.php\/2026\/09\/03\/veja-como-a-imprensa-destacou-a-vitoria-do-vasco-diante-do-vitoria-e-a-classificacao-na-copa-do-brasil\/#blogposting","name":"Veja como a imprensa destacou a vit\u00f3ria do Vasco diante do Vit\u00f3ria e a classifica\u00e7\u00e3o na Copa do Brasil - PALPITE.net","headline":"Veja como a imprensa destacou a vit\u00f3ria do Vasco diante do Vit\u00f3ria e a classifica\u00e7\u00e3o na Copa do Brasil","author":{"@id":"https:\/\/palpite.net\/index.php\/author\/palpite-net\/#author"},"publisher":{"@id":"https:\/\/palpite.net\/#organization"},"image":{"@type":"ImageObject","url":"https:\/\/palpite.net\/wp-content\/uploads\/2023\/06\/cropped-palpitenet2.png","@id":"https:\/\/palpite.net\/#articleImage","width":535,"height":109},"datePublished":"2026-09-03T00:46:52-03:00","dateModified":"2026-09-03T00:46:52-03:00","inLanguage":"pt-BR","mainEntityOfPage":{"@id":"https:\/\/palpite.net\/index.php\/2026\/09\/03\/veja-como-a-imprensa-destacou-a-vitoria-do-vasco-diante-do-vitoria-e-a-classificacao-na-copa-do-brasil\/#webpage"},"isPartOf":{"@id":"https:\/\/palpite.net\/index.php\/2026\/09\/03\/veja-como-a-imprensa-destacou-a-vitoria-do-vasco-diante-do-vitoria-e-a-classificacao-na-copa-do-brasil\/#webpage"},"articleSection":"Blog"},{"@type":"BreadcrumbList","@id":"https:\/\/palpite.net\/index.php\/2026\/09\/03\/veja-como-a-imprensa-destacou-a-vitoria-do-vasco-diante-do-vitoria-e-a-classificacao-na-copa-do-brasil\/#breadcrumblist","itemListElement":[{"@type":"ListItem","@id":"https:\/\/palpite.net#listItem","position":1,"name":"Home","item":"https:\/\/palpite.net","nextItem":{"@type":"ListItem","@id":"https:\/\/palpite.net\/index.php\/category\/blog\/#listItem","name":"Blog"}},{"@type":"ListItem","@id":"https:\/\/palpite.net\/index.php\/category\/blog\/#listItem","position":2,"name":"Blog","item":"https:\/\/palpite.net\/index.php\/category\/blog\/","nextItem":{"@type":"ListItem","@id":"https:\/\/palpite.net\/index.php\/2026\/09\/03\/veja-como-a-imprensa-destacou-a-vitoria-do-vasco-diante-do-vitoria-e-a-classificacao-na-copa-do-brasil\/#listItem","name":"Veja como a imprensa destacou a vit\u00f3ria do Vasco diante do Vit\u00f3ria e a classifica\u00e7\u00e3o na Copa do Brasil"},"previousItem":{"@type":"ListItem","@id":"https:\/\/palpite.net#listItem","name":"Home"}},{"@type":"ListItem","@id":"https:\/\/palpite.net\/index.php\/2026\/09\/03\/veja-como-a-imprensa-destacou-a-vitoria-do-vasco-diante-do-vitoria-e-a-classificacao-na-copa-do-brasil\/#listItem","position":3,"name":"Veja como a imprensa destacou a vit\u00f3ria do Vasco diante do Vit\u00f3ria e a classifica\u00e7\u00e3o na Copa do Brasil","previousItem":{"@type":"ListItem","@id":"https:\/\/palpite.net\/index.php\/category\/blog\/#listItem","name":"Blog"}}]},{"@type":"Organization","@id":"https:\/\/palpite.net\/#organization","name":"palpite.net","description":"PALPITES DE HOJE FUTEBOL AO VIVO ONLINE","url":"https:\/\/palpite.net\/","logo":{"@type":"ImageObject","url":"https:\/\/palpite.net\/wp-content\/uploads\/2023\/06\/cropped-palpitenet2.png","@id":"https:\/\/palpite.net\/index.php\/2026\/09\/03\/veja-como-a-imprensa-destacou-a-vitoria-do-vasco-diante-do-vitoria-e-a-classificacao-na-copa-do-brasil\/#organizationLogo","width":535,"height":109},"image":{"@id":"https:\/\/palpite.net\/index.php\/2026\/09\/03\/veja-como-a-imprensa-destacou-a-vitoria-do-vasco-diante-do-vitoria-e-a-classificacao-na-copa-do-brasil\/#organizationLogo"}},{"@type":"Person","@id":"https:\/\/palpite.net\/index.php\/author\/palpite-net\/#author","url":"https:\/\/palpite.net\/index.php\/author\/palpite-net\/","name":"palpite.net","image":{"@type":"ImageObject","@id":"https:\/\/palpite.net\/index.php\/2026\/09\/03\/veja-como-a-imprensa-destacou-a-vitoria-do-vasco-diante-do-vitoria-e-a-classificacao-na-copa-do-brasil\/#authorImage","url":"https:\/\/secure.gravatar.com\/avatar\/4bfa90f107182fec051217d5e8967014c689061b029a78471108e871d33dc273?s=96&d=mm&r=g","width":96,"height":96,"caption":"palpite.net"}},{"@type":"WebPage","@id":"https:\/\/palpite.net\/index.php\/2026\/09\/03\/veja-como-a-imprensa-destacou-a-vitoria-do-vasco-diante-do-vitoria-e-a-classificacao-na-copa-do-brasil\/#webpage","url":"https:\/\/palpite.net\/index.php\/2026\/09\/03\/veja-como-a-imprensa-destacou-a-vitoria-do-vasco-diante-do-vitoria-e-a-classificacao-na-copa-do-brasil\/","name":"Veja como a imprensa destacou a vit\u00f3ria do Vasco diante do Vit\u00f3ria e a classifica\u00e7\u00e3o na Copa do Brasil - PALPITE.net","description":"Veja como a imprensa destacou a vit\u00f3ria do Vasco diante do Vit\u00f3ria e a classifica\u00e7\u00e3o na Copa do Brasil Pelas quartas de final da Copa do Brasil, o Vasco venceu o Vit\u00f3ria por 2 a 0 no Barrad\u00e3o e se classificou para a semifinal. Veja como a imprensa destacou. CNN: \u201cCopa do Brasil: Vasco bate","inLanguage":"pt-BR","isPartOf":{"@id":"https:\/\/palpite.net\/#website"},"breadcrumb":{"@id":"https:\/\/palpite.net\/index.php\/2026\/09\/03\/veja-como-a-imprensa-destacou-a-vitoria-do-vasco-diante-do-vitoria-e-a-classificacao-na-copa-do-brasil\/#breadcrumblist"},"author":{"@id":"https:\/\/palpite.net\/index.php\/author\/palpite-net\/#author"},"creator":{"@id":"https:\/\/palpite.net\/index.php\/author\/palpite-net\/#author"},"datePublished":"2026-09-03T00:46:52-03:00","dateModified":"2026-09-03T00:46:52-03:00"},{"@type":"WebSite","@id":"https:\/\/palpite.net\/#website","url":"https:\/\/palpite.net\/","name":"palpite.net","description":"PALPITES DE HOJE FUTEBOL AO VIVO ONLINE","inLanguage":"pt-BR","publisher":{"@id":"https:\/\/palpite.net\/#organization"}}]},"og:locale":"pt_BR","og:site_name":"PALPITE.net - PALPITES DE HOJE FUTEBOL AO VIVO ONLINE","og:type":"article","og:title":"Veja como a imprensa destacou a vit\u00f3ria do Vasco diante do Vit\u00f3ria e a classifica\u00e7\u00e3o na Copa do Brasil - PALPITE.net","og:description":"Veja como a imprensa destacou a vit\u00f3ria do Vasco diante do Vit\u00f3ria e a classifica\u00e7\u00e3o na Copa do Brasil Pelas quartas de final da Copa do Brasil, o Vasco venceu o Vit\u00f3ria por 2 a 0 no Barrad\u00e3o e se classificou para a semifinal. Veja como a imprensa destacou. CNN: \u201cCopa do Brasil: Vasco bate","og:url":"https:\/\/palpite.net\/index.php\/2026\/09\/03\/veja-como-a-imprensa-destacou-a-vitoria-do-vasco-diante-do-vitoria-e-a-classificacao-na-copa-do-brasil\/","og:image":"https:\/\/palpite.net\/wp-content\/uploads\/2023\/06\/cropped-palpitenet2.png","og:image:secure_url":"https:\/\/palpite.net\/wp-content\/uploads\/2023\/06\/cropped-palpitenet2.png","article:published_time":"2026-09-03T03:46:52+00:00","article:modified_time":"2026-09-03T03:46:52+00:00","twitter:card":"summary_large_image","twitter:title":"Veja como a imprensa destacou a vit\u00f3ria do Vasco diante do Vit\u00f3ria e a classifica\u00e7\u00e3o na Copa do Brasil - PALPITE.net","twitter:description":"Veja como a imprensa destacou a vit\u00f3ria do Vasco diante do Vit\u00f3ria e a classifica\u00e7\u00e3o na Copa do Brasil Pelas quartas de final da Copa do Brasil, o Vasco venceu o Vit\u00f3ria por 2 a 0 no Barrad\u00e3o e se classificou para a semifinal. Veja como a imprensa destacou. CNN: \u201cCopa do Brasil: Vasco bate","twitter:image":"https:\/\/palpite.net\/wp-content\/uploads\/2023\/06\/cropped-palpitenet2.png"},"aioseo_meta_data":[],"aioseo_breadcrumb":"<div class=\"aioseo-breadcrumbs\"><span class=\"aioseo-breadcrumb\">\n\t\t\t<a href=\"https:\/\/palpite.net\" title=\"Home\">Home<\/a>\n\t\t<\/span><span class=\"aioseo-breadcrumb-separator\">&raquo;<\/span><span class=\"aioseo-breadcrumb\">\n\t\t\t<a href=\"https:\/\/palpite.net\/index.php\/category\/blog\/\" title=\"Blog\">Blog<\/a>\n\t\t<\/span><span class=\"aioseo-breadcrumb-separator\">&raquo;<\/span><span class=\"aioseo-breadcrumb\">\n\t\t\tVeja como a imprensa destacou a vit\u00f3ria do Vasco diante do Vit\u00f3ria e a classifica\u00e7\u00e3o na Copa do Brasil\n\t\t<\/span><\/div>","aioseo_breadcrumb_json":[{"label":"Home","link":"https:\/\/palpite.net"},{"label":"Blog","link":"https:\/\/palpite.net\/index.php\/category\/blog\/"},{"label":"Veja como a imprensa destacou a vit\u00f3ria do Vasco diante do Vit\u00f3ria e a classifica\u00e7\u00e3o na Copa do Brasil","link":"https:\/\/palpite.net\/index.php\/2026\/09\/03\/veja-como-a-imprensa-destacou-a-vitoria-do-vasco-diante-do-vitoria-e-a-classificacao-na-copa-do-brasil\/"}],"amp_enabled":true,"_links":{"self":[{"href":"https:\/\/palpite.net\/index.php\/wp-json\/wp\/v2\/posts\/27094","targetHints":{"allow":["GET"]}}],"collection":[{"href":"https:\/\/palpite.net\/index.php\/wp-json\/wp\/v2\/posts"}],"about":[{"href":"https:\/\/palpite.net\/index.php\/wp-json\/wp\/v2\/types\/post"}],"author":[{"embeddable":true,"href":"https:\/\/palpite.net\/index.php\/wp-json\/wp\/v2\/users\/1"}],"replies":[{"embeddable":true,"href":"https:\/\/palpite.net\/index.php\/wp-json\/wp\/v2\/comments?post=27094"}],"version-history":[{"count":0,"href":"https:\/\/palpite.net\/index.php\/wp-json\/wp\/v2\/posts\/27094\/revisions"}],"wp:attachment":[{"href":"https:\/\/palpite.net\/index.php\/wp-json\/wp\/v2\/media?parent=27094"}],"wp:term":[{"taxonomy":"category","embeddable":true,"href":"https:\/\/palpite.net\/index.php\/wp-json\/wp\/v2\/categories?post=27094"},{"taxonomy":"post_tag","embeddable":true,"href":"https:\/\/palpite.net\/index.php\/wp-json\/wp\/v2\/tags?post=27094"}],"curies":[{"name":"wp","href":"https:\/\/api.w.org\/{rel}","templated":true}]}}