{"id":4270,"date":"2024-10-31T10:29:44","date_gmt":"2024-10-31T13:29:44","guid":{"rendered":"https:\/\/palpite.net\/index.php\/2024\/10\/31\/pequeno-torcedor-gui-e-tietado-por-jogadores-da-base-do-sao-paulo-veja-video\/"},"modified":"2024-10-31T10:29:44","modified_gmt":"2024-10-31T13:29:44","slug":"pequeno-torcedor-gui-e-tietado-por-jogadores-da-base-do-sao-paulo-veja-video","status":"publish","type":"post","link":"https:\/\/palpite.net\/index.php\/2024\/10\/31\/pequeno-torcedor-gui-e-tietado-por-jogadores-da-base-do-sao-paulo-veja-video\/","title":{"rendered":"Pequeno torcedor Gui \u00e9 tietado por jogadores da base do S\u00e3o Paulo; veja v\u00eddeo"},"content":{"rendered":"<p><\/p>\n<div>\n<div>\n<p>Pequeno torcedor Gui \u00e9 tietado por jogadores da base do S\u00e3o Paulo; veja v\u00eddeo<\/p>\n<p>Quinta-feira, 31\/10\/2024  \u2013 08:24<\/p>\n<div class=\"corpo\">Torcedor mirim s\u00edmbolo do Vasco \u00e9 tietado por equipe sub-20 do S\u00e3o Paulo e canta at\u00e9 o hino tricolor<br \/>\n<center><\/p>\n<p><iframe loading=\"lazy\" title=\"Torcedor mirim s\u00edmbolo do Vasco \u00e9 tietado por equipe sub-20 do S\u00e3o Paulo e canta at\u00e9 o hino tricolor\" width=\"1200\" height=\"675\" src=\"https:\/\/www.youtube.com\/embed\/q3JEaE0g3ek?feature=oembed\" frameborder=\"0\" allow=\"accelerometer; autoplay; clipboard-write; encrypted-media; gyroscope; picture-in-picture; web-share\" referrerpolicy=\"strict-origin-when-cross-origin\" allowfullscreen><\/iframe><\/p>\n<p><\/center><\/p>\n<p>Fonte: Youtube AVANTE MEU TRICOLOR<\/p>\n<\/div>\n<\/div>\n<div class=\"sharedaddy sd-block sd-like jetpack-likes-widget-wrapper jetpack-likes-widget-unloaded\" id=\"like-post-wrapper-173292096-68738-672386c5abc2b\" data-src=\"https:\/\/widgets.wp.com\/likes\/?ver=13.9.1#blog_id=173292096&amp;post_id=68738&amp;origin=vasconet.com.br&amp;obj_id=173292096-68738-672386c5abc2b&amp;n=1\" data-name=\"like-post-frame-173292096-68738-672386c5abc2b\" data-title=\"Curtir ou reblogar\">\n<h3 class=\"sd-title\">Curtir isso:<\/h3>\n<p><span class=\"button\"><span>Curtir<\/span><\/span> <span class=\"loading\">Carregando&#8230;<\/span><\/p>\n<p><span class=\"sd-text-color\"><\/span><\/div>\n<\/p>\n<h3 class=\"jp-relatedposts-headline\"><em>Relacionado<\/em><\/h3>\n<p><!-- CONTENT END 2 --><br \/>\n\t\t\t<!-- .entry-content --><\/div>\n<p><script async defer crossorigin=\"anonymous\" src=\"https:\/\/connect.facebook.net\/pt_BR\/sdk.js#xfbml=1&amp;version=v12.0&amp;appId=114327694422&amp;autoLogAppEvents=1\" nonce=\"4kp7RAsD\"><\/script><\/p>\n","protected":false},"excerpt":{"rendered":"<p>Pequeno torcedor Gui \u00e9 tietado por jogadores da base do S\u00e3o Paulo; veja v\u00eddeo Quinta-feira, 31\/10\/2024 \u2013 08:24 Torcedor mirim s\u00edmbolo do Vasco \u00e9 tietado por equipe sub-20 do S\u00e3o Paulo e canta at\u00e9 o hino tricolor Fonte: Youtube AVANTE MEU TRICOLOR Curtir isso: Curtir Carregando&#8230; Relacionado<\/p>\n","protected":false},"author":1,"featured_media":0,"comment_status":"","ping_status":"open","sticky":false,"template":"","format":"standard","meta":{"footnotes":""},"categories":[1],"tags":[],"class_list":["post-4270","post","type-post","status-publish","format-standard","hentry","category-blog"],"aioseo_notices":[],"amp_enabled":true,"_links":{"self":[{"href":"https:\/\/palpite.net\/index.php\/wp-json\/wp\/v2\/posts\/4270","targetHints":{"allow":["GET"]}}],"collection":[{"href":"https:\/\/palpite.net\/index.php\/wp-json\/wp\/v2\/posts"}],"about":[{"href":"https:\/\/palpite.net\/index.php\/wp-json\/wp\/v2\/types\/post"}],"author":[{"embeddable":true,"href":"https:\/\/palpite.net\/index.php\/wp-json\/wp\/v2\/users\/1"}],"replies":[{"embeddable":true,"href":"https:\/\/palpite.net\/index.php\/wp-json\/wp\/v2\/comments?post=4270"}],"version-history":[{"count":0,"href":"https:\/\/palpite.net\/index.php\/wp-json\/wp\/v2\/posts\/4270\/revisions"}],"wp:attachment":[{"href":"https:\/\/palpite.net\/index.php\/wp-json\/wp\/v2\/media?parent=4270"}],"wp:term":[{"taxonomy":"category","embeddable":true,"href":"https:\/\/palpite.net\/index.php\/wp-json\/wp\/v2\/categories?post=4270"},{"taxonomy":"post_tag","embeddable":true,"href":"https:\/\/palpite.net\/index.php\/wp-json\/wp\/v2\/tags?post=4270"}],"curies":[{"name":"wp","href":"https:\/\/api.w.org\/{rel}","templated":true}]}}