{"id":8681,"date":"2025-04-01T08:17:54","date_gmt":"2025-04-01T11:17:54","guid":{"rendered":"https:\/\/palpite.net\/index.php\/2025\/04\/01\/ouca-narracoes-dos-gols-do-vasco-na-vitoria-sobre-o-santos\/"},"modified":"2025-04-01T08:17:54","modified_gmt":"2025-04-01T11:17:54","slug":"ouca-narracoes-dos-gols-do-vasco-na-vitoria-sobre-o-santos","status":"publish","type":"post","link":"https:\/\/palpite.net\/index.php\/2025\/04\/01\/ouca-narracoes-dos-gols-do-vasco-na-vitoria-sobre-o-santos\/","title":{"rendered":"Ou\u00e7a narra\u00e7\u00f5es dos gols do Vasco na vit\u00f3ria sobre o Santos"},"content":{"rendered":"<p><\/p>\n<div>Na estreia do Campeonato Brasileiro, o Vasco venceu o Santos de virada por 2 a 1 em S\u00e3o Janu\u00e1rio com gols de Nuno Moreira e Vegetti. Ou\u00e7a narra\u00e7\u00f5es dos gols.<\/p>\n<div class=\"code-block code-block-10\" style=\"margin: 8px auto; text-align: center; display: block; clear: both;\">\n<p><!-- AMP --><br \/>\n<amp-ad width=\"100vw\" height=\"320\" type=\"adsense\" data-ad-client=\"ca-pub-9463444472301664\" data-ad-slot=\"2740239170\" data-auto-format=\"rspv\" data-full-width=\"\"><\/p>\n<p><\/amp-ad><br \/>\n<amp-ad layout=\"fixed\" width=\"336\" height=\"280\" type=\"adsense\" data-ad-client=\"ca-pub-9463444472301664\" data-ad-slot=\"3283796203\"><br \/>\n<\/amp-ad><\/div>\n<div class=\"code-block code-block-3\" style=\"margin: 8px 0; clear: both;\">\n<strong>SIGA-NOS<\/strong> <\/p>\n<div class=\"code-block code-block-14\" style=\"margin: 8px auto; text-align: center; display: block; clear: both;\">\n<amp-ad width=\"100vw\" height=\"320\" type=\"adsense\" data-ad-client=\"ca-pub-9463444472301664\" data-ad-slot=\"2740239170\" data-auto-format=\"rspv\" data-full-width=\"\"><\/p>\n<p><\/amp-ad><\/div>\n<p><!--\n\n--><\/div>\n<p>Andr\u00e9 Marques \u2013 VascoTV:\n<\/p>\n<div class=\"code-block code-block-4\" style=\"margin: 8px 0; clear: both;\">\n SIGA NOSSO CANAL DO WHATSAPP E FIQUE LIGADO NAS NOTICIAS DO VASCO <\/p>\n<hr>\n<p><amp-ad width=\"100vw\" height=\"320\" type=\"adsense\" data-ad-client=\"ca-pub-9463444472301664\" data-ad-slot=\"2740239170\" data-auto-format=\"rspv\" data-full-width=\"\"><\/p>\n<p><\/amp-ad><\/div>\n<p><center><\/p>\n<div class=\"code-block code-block-11\" style=\"margin: 8px auto; text-align: center; display: block; clear: both;\">\n<amp-ad layout=\"fixed\" width=\"336\" height=\"280\" type=\"adsense\" data-ad-client=\"ca-pub-9463444472301664\" data-ad-slot=\"3283796203\"><br \/>\n<\/amp-ad><\/div>\n<p><iframe loading=\"lazy\" title=\"AO VIVO - VASCO x  SANTOS | BRASILEIR\u00c3O - 1\u00aa RODADA\" width=\"1200\" height=\"675\" src=\"https:\/\/www.youtube.com\/embed\/g0ViYHnihiQ?feature=oembed\" frameborder=\"0\" allow=\"accelerometer; autoplay; clipboard-write; encrypted-media; gyroscope; picture-in-picture; web-share\" referrerpolicy=\"strict-origin-when-cross-origin\" allowfullscreen><\/iframe><\/p>\n<p><\/center><\/p>\n<div class=\"code-block code-block-12\" style=\"margin: 8px auto; text-align: center; display: block; clear: both;\">\n<p><!-- AMP --><\/p>\n<p><amp-ad layout=\"fixed\" width=\"336\" height=\"280\" type=\"adsense\" data-ad-client=\"ca-pub-9463444472301664\" data-ad-slot=\"3283796203\"><br \/>\n<\/amp-ad><\/div>\n<p><iframe class=\"embed-responsive-item\" allowfullscreen=\"\" sandbox=\"\" src=\"https:\/\/www.netvasco.com.br\/news\/noticias16\/arquivos\/20250330-222320-1-1-.mp4\"><\/iframe><\/p>\n<p>F\u00e1bio Azevedo \u2013 Fan\u00e1tico Vasca\u00edno:\n<\/p>\n<p><center><\/p>\n<p><iframe loading=\"lazy\" title=\"TRANSMISS\u00c3O AO VIVO | VASCO X SANTOS - 1\u00aa RODADA DO CAMPEONATO BRASILEIRO | DIRETO DE S\u00c3O JANU\u00c1RIO\" width=\"1200\" height=\"675\" src=\"https:\/\/www.youtube.com\/embed\/QpgdfEQ_DEY?feature=oembed\" frameborder=\"0\" allow=\"accelerometer; autoplay; clipboard-write; encrypted-media; gyroscope; picture-in-picture; web-share\" referrerpolicy=\"strict-origin-when-cross-origin\" allowfullscreen><\/iframe><\/p>\n<p><\/center><br \/>\n<center><\/p>\n<p><iframe loading=\"lazy\" title=\"TRANSMISS\u00c3O AO VIVO | VASCO X SANTOS - 1\u00aa RODADA DO CAMPEONATO BRASILEIRO | DIRETO DE S\u00c3O JANU\u00c1RIO\" width=\"1200\" height=\"675\" src=\"https:\/\/www.youtube.com\/embed\/QpgdfEQ_DEY?feature=oembed\" frameborder=\"0\" allow=\"accelerometer; autoplay; clipboard-write; encrypted-media; gyroscope; picture-in-picture; web-share\" referrerpolicy=\"strict-origin-when-cross-origin\" allowfullscreen><\/iframe><\/p>\n<p><\/center><\/p>\n<p>Diego Monteiro \u2013 Aten\u00e7\u00e3o Vasca\u00ednos:\n<\/p>\n<p><center><\/p>\n<p><iframe loading=\"lazy\" title=\"JORNADA DO AV BRASILEIR\u00c3O 2025 - VASCO DA GAMA X SANTOS\" width=\"1200\" height=\"675\" src=\"https:\/\/www.youtube.com\/embed\/h_OCQTuNsd4?feature=oembed\" frameborder=\"0\" allow=\"accelerometer; autoplay; clipboard-write; encrypted-media; gyroscope; picture-in-picture; web-share\" referrerpolicy=\"strict-origin-when-cross-origin\" allowfullscreen><\/iframe><\/p>\n<p><\/center><br \/>\n<center><\/p>\n<p><iframe loading=\"lazy\" title=\"JORNADA DO AV BRASILEIR\u00c3O 2025 - VASCO DA GAMA X SANTOS\" width=\"1200\" height=\"675\" src=\"https:\/\/www.youtube.com\/embed\/h_OCQTuNsd4?feature=oembed\" frameborder=\"0\" allow=\"accelerometer; autoplay; clipboard-write; encrypted-media; gyroscope; picture-in-picture; web-share\" referrerpolicy=\"strict-origin-when-cross-origin\" allowfullscreen><\/iframe><\/p>\n<p><\/center><\/p>\n<p>Sandro Gama \u2013 Colina Em Foco:\n<\/p>\n<p><center><\/p>\n<p><iframe loading=\"lazy\" title=\"Estreia em dose dupla!\" width=\"1200\" height=\"675\" src=\"https:\/\/www.youtube.com\/embed\/F2A97_VSRt0?feature=oembed\" frameborder=\"0\" allow=\"accelerometer; autoplay; clipboard-write; encrypted-media; gyroscope; picture-in-picture; web-share\" referrerpolicy=\"strict-origin-when-cross-origin\" allowfullscreen><\/iframe><\/p>\n<p><\/center><br \/>\n<center><\/p>\n<p><iframe loading=\"lazy\" title=\"Estreia em dose dupla!\" width=\"1200\" height=\"675\" src=\"https:\/\/www.youtube.com\/embed\/F2A97_VSRt0?feature=oembed\" frameborder=\"0\" allow=\"accelerometer; autoplay; clipboard-write; encrypted-media; gyroscope; picture-in-picture; web-share\" referrerpolicy=\"strict-origin-when-cross-origin\" allowfullscreen><\/iframe><\/p>\n<p><\/center><\/p>\n<p>Jos\u00e9 Carlos Ara\u00fajo \u2013 R\u00e1dio Tupi:\n<\/p>\n<p><center><\/p>\n<p><iframe loading=\"lazy\" title=\"De Virada, GIGANTE DA COLINA vence o PEIXE em S\u00e3o Janu\u00e1rio | GOLS NARRA\u00c7\u00c3O JOS\u00c9 CARLOS ARA\u00daJO\" width=\"1200\" height=\"675\" src=\"https:\/\/www.youtube.com\/embed\/A3c110G8Jf8?feature=oembed\" frameborder=\"0\" allow=\"accelerometer; autoplay; clipboard-write; encrypted-media; gyroscope; picture-in-picture; web-share\" referrerpolicy=\"strict-origin-when-cross-origin\" allowfullscreen><\/iframe><\/p>\n<p><\/center><\/p>\n<p>Vitor Costa \u2013 R\u00e1dio Transam\u00e9rica:\n<\/p>\n<p><center><\/p>\n<p><iframe loading=\"lazy\" title=\"Vasco x Santos | Brasileir\u00e3o #AOVIVO | 1\u00aa Rodada - 30\/03\/25\" width=\"1200\" height=\"675\" src=\"https:\/\/www.youtube.com\/embed\/tpxo435qBqg?feature=oembed\" frameborder=\"0\" allow=\"accelerometer; autoplay; clipboard-write; encrypted-media; gyroscope; picture-in-picture; web-share\" referrerpolicy=\"strict-origin-when-cross-origin\" allowfullscreen><\/iframe><\/p>\n<p><\/center><br \/>\n<center><\/p>\n<p><iframe loading=\"lazy\" title=\"PIRATA DECIDE! \u00c9 O TIME DA VIRADA! VITOR COSTA NARRA GOL DE VEGETTI EM VASCO 2X1 SANTOS\" width=\"1200\" height=\"675\" src=\"https:\/\/www.youtube.com\/embed\/9rivLOhRBlg?feature=oembed\" frameborder=\"0\" allow=\"accelerometer; autoplay; clipboard-write; encrypted-media; gyroscope; picture-in-picture; web-share\" referrerpolicy=\"strict-origin-when-cross-origin\" allowfullscreen><\/iframe><\/p>\n<p><\/center><\/p>\n<p>Helder Martins \u2013 R\u00e1dio Bandnews:\n<\/p>\n<p><center><\/p>\n<p><iframe loading=\"lazy\" title=\"\ud83d\udd34\u26bd | AO VIVO | Vasco x Santos - Campeonato Brasileiro\" width=\"1200\" height=\"675\" src=\"https:\/\/www.youtube.com\/embed\/dywSc9nePqg?feature=oembed\" frameborder=\"0\" allow=\"accelerometer; autoplay; clipboard-write; encrypted-media; gyroscope; picture-in-picture; web-share\" referrerpolicy=\"strict-origin-when-cross-origin\" allowfullscreen><\/iframe><\/p>\n<p><\/center><br \/>\n<center><\/p>\n<p><iframe loading=\"lazy\" title=\"\ud83d\udd34\u26bd | AO VIVO | Vasco x Santos - Campeonato Brasileiro\" width=\"1200\" height=\"675\" src=\"https:\/\/www.youtube.com\/embed\/dywSc9nePqg?feature=oembed\" frameborder=\"0\" allow=\"accelerometer; autoplay; clipboard-write; encrypted-media; gyroscope; picture-in-picture; web-share\" referrerpolicy=\"strict-origin-when-cross-origin\" allowfullscreen><\/iframe><\/p>\n<p><\/center><\/p>\n<p>Cleber Machado \u2013 Record TV:\n<\/p>\n<p><center><\/center><br \/>\n<center><\/center><\/p>\n<p>Luis Felipe Freitas \u2013 Caz\u00e9TV:\n<\/p>\n<p><iframe class=\"embed-responsive-item\" allowfullscreen=\"\" sandbox=\"\" src=\"https:\/\/www.netvasco.com.br\/news\/noticias16\/arquivos\/20250330-222958-1-1-.mp4\"><\/iframe><\/p>\n<p><iframe class=\"embed-responsive-item\" allowfullscreen=\"\" sandbox=\"\" src=\"https:\/\/www.netvasco.com.br\/news\/noticias16\/arquivos\/20250330-223013-1-1-.mp4\"><\/iframe><\/p>\n<p>Gustavo Villani \u2013 Premiere:\n<\/p>\n<p><iframe class=\"embed-responsive-item\" allowfullscreen=\"\" sandbox=\"\" src=\"https:\/\/www.netvasco.com.br\/news\/noticias16\/arquivos\/20250330-223435-1-1-.mp4\"><\/iframe><\/p>\n<p>Chico Pedrotti \u2013 R7:\n<\/p>\n<p><iframe class=\"embed-responsive-item\" allowfullscreen=\"\" sandbox=\"\" src=\"https:\/\/www.netvasco.com.br\/news\/noticias16\/arquivos\/20250330-224214-1-1-.mp4\"><\/iframe><\/p>\n<p>Anderson Gon\u00e7alves \u2013 Santos TV:\n<\/p>\n<p><center><\/p>\n<p><iframe loading=\"lazy\" title=\"\ud83d\udd34 AO VIVO: VASCO x SANTOS | BRASILEIRAO A (30\/03\/25)\" width=\"1200\" height=\"675\" src=\"https:\/\/www.youtube.com\/embed\/L5tg2ZTabE8?feature=oembed\" frameborder=\"0\" allow=\"accelerometer; autoplay; clipboard-write; encrypted-media; gyroscope; picture-in-picture; web-share\" referrerpolicy=\"strict-origin-when-cross-origin\" allowfullscreen><\/iframe><\/p>\n<p><\/center><br \/>\n<center><\/p>\n<p><iframe loading=\"lazy\" title=\"\ud83d\udd34 AO VIVO: VASCO x SANTOS | BRASILEIRAO A (30\/03\/25)\" width=\"1200\" height=\"675\" src=\"https:\/\/www.youtube.com\/embed\/L5tg2ZTabE8?feature=oembed\" frameborder=\"0\" allow=\"accelerometer; autoplay; clipboard-write; encrypted-media; gyroscope; picture-in-picture; web-share\" referrerpolicy=\"strict-origin-when-cross-origin\" allowfullscreen><\/iframe><\/p>\n<p><\/center><\/p>\n<p>Fonte: Reprodu\u00e7\u00e3o Internet<\/p>\n<\/div>\n<p><script async defer crossorigin=\"anonymous\" src=\"https:\/\/connect.facebook.net\/pt_BR\/sdk.js#xfbml=1&amp;version=v12.0&amp;appId=114327694422&amp;autoLogAppEvents=1\" nonce=\"4kp7RAsD\"><\/script><\/p>\n","protected":false},"excerpt":{"rendered":"<p>Na estreia do Campeonato Brasileiro, o Vasco venceu o Santos de virada por 2 a 1 em S\u00e3o Janu\u00e1rio com gols de Nuno Moreira e Vegetti. Ou\u00e7a narra\u00e7\u00f5es dos gols. SIGA-NOS Andr\u00e9 Marques \u2013 VascoTV: SIGA NOSSO CANAL DO WHATSAPP E FIQUE LIGADO NAS NOTICIAS DO VASCO F\u00e1bio Azevedo \u2013 Fan\u00e1tico Vasca\u00edno: Diego Monteiro \u2013 &#8230; <a title=\"Ou\u00e7a narra\u00e7\u00f5es dos gols do Vasco na vit\u00f3ria sobre o Santos\" class=\"read-more\" href=\"https:\/\/palpite.net\/index.php\/2025\/04\/01\/ouca-narracoes-dos-gols-do-vasco-na-vitoria-sobre-o-santos\/\" aria-label=\"Read more about Ou\u00e7a narra\u00e7\u00f5es dos gols do Vasco na vit\u00f3ria sobre o Santos\">Ler mais<\/a><\/p>\n","protected":false},"author":1,"featured_media":0,"comment_status":"","ping_status":"open","sticky":false,"template":"","format":"standard","meta":{"footnotes":""},"categories":[1],"tags":[],"class_list":["post-8681","post","type-post","status-publish","format-standard","hentry","category-blog"],"aioseo_notices":[],"amp_enabled":true,"_links":{"self":[{"href":"https:\/\/palpite.net\/index.php\/wp-json\/wp\/v2\/posts\/8681","targetHints":{"allow":["GET"]}}],"collection":[{"href":"https:\/\/palpite.net\/index.php\/wp-json\/wp\/v2\/posts"}],"about":[{"href":"https:\/\/palpite.net\/index.php\/wp-json\/wp\/v2\/types\/post"}],"author":[{"embeddable":true,"href":"https:\/\/palpite.net\/index.php\/wp-json\/wp\/v2\/users\/1"}],"replies":[{"embeddable":true,"href":"https:\/\/palpite.net\/index.php\/wp-json\/wp\/v2\/comments?post=8681"}],"version-history":[{"count":0,"href":"https:\/\/palpite.net\/index.php\/wp-json\/wp\/v2\/posts\/8681\/revisions"}],"wp:attachment":[{"href":"https:\/\/palpite.net\/index.php\/wp-json\/wp\/v2\/media?parent=8681"}],"wp:term":[{"taxonomy":"category","embeddable":true,"href":"https:\/\/palpite.net\/index.php\/wp-json\/wp\/v2\/categories?post=8681"},{"taxonomy":"post_tag","embeddable":true,"href":"https:\/\/palpite.net\/index.php\/wp-json\/wp\/v2\/tags?post=8681"}],"curies":[{"name":"wp","href":"https:\/\/api.w.org\/{rel}","templated":true}]}}