{"id":9066,"date":"2025-04-08T18:33:58","date_gmt":"2025-04-08T21:33:58","guid":{"rendered":"https:\/\/palpite.net\/index.php\/2025\/04\/08\/adson-sente-dores-no-local-da-cirurgia-e-nao-joga-nesta-3a-feira-jair-tambem-fica-fora-dos-relacionados\/"},"modified":"2025-04-08T18:33:58","modified_gmt":"2025-04-08T21:33:58","slug":"adson-sente-dores-no-local-da-cirurgia-e-nao-joga-nesta-3a-feira-jair-tambem-fica-fora-dos-relacionados","status":"publish","type":"post","link":"https:\/\/palpite.net\/index.php\/2025\/04\/08\/adson-sente-dores-no-local-da-cirurgia-e-nao-joga-nesta-3a-feira-jair-tambem-fica-fora-dos-relacionados\/","title":{"rendered":"Adson sente dores no local da cirurgia e n\u00e3o joga nesta 3\u00aa-feira; Jair tamb\u00e9m fica fora dos relacionados"},"content":{"rendered":"<p><\/p>\n<div>\n<p>Adson sente dores no local da cirurgia e n\u00e3o joga nesta 3\u00aa-feira; Jair tamb\u00e9m fica fora dos relacionados<\/p>\n<div>\ud835\ude3c\ud835\ude63\ud835\ude56\ud835\ude61\ud835\ude5e\ud835\ude68\ud835\ude56\ud835\ude51\ud835\ude56\ud835\ude68\ud835\ude58\ud835\ude64 @AnalisaCRVG<\/p>\n<p>H\u00e1 a chance de que Jair e Adson n\u00e3o sejam relacionados para a partida de hoje, diante do Puerto Cabello.<\/p>\n<p>Jair seria por op\u00e7\u00e3o t\u00e9cnica, enquanto Adson seria por problemas f\u00edsicos.\n<\/p>\n<p>O camisa 28 teria voltado a sentir dores na regi\u00e3o onde fez cirurgia.\n<\/p>\n<p>\ud83d\udcf0 | @pedrosa<\/p>\n<p>\ud83d\udcf7 | Matheus Lima\/Vasco\n<\/p>\n<p>Fonte: X AnalisaVasco\n<\/p>\n<p>Lucas Pedrosa @pedrosa<\/p>\n<p>Mais cedo trouxe no #SBTSportsRio que Adson e Jair tinham grandes chances de estarem fora da lista de relacionados para o jogo contra o Puerto Cabello.\n<\/p>\n<p>Informa\u00e7\u00e3o confirmada, est\u00e3o fora.\n<\/p>\n<p>Adson participou de 3 jogos num \u201ctempo\/carga\u201d boa e o departamento m\u00e9dico entende que o ideal \u00e9 preservar para continuar a volta aos poucos.\n<\/p>\n<p>Jair est\u00e1 fora por op\u00e7\u00e3o de Carille e comiss\u00e3o t\u00e9cnica. #CanaldoPedrosa #Vasco\n<\/p>\n<p>Fonte: X do jornalista Lucas Pedrosa\/SBT<\/p>\n<\/div>\n<div class=\"sharedaddy sd-block sd-like jetpack-likes-widget-wrapper jetpack-likes-widget-unloaded\" id=\"like-post-wrapper-173292096-73101-67f597241ae84\" data-src=\"https:\/\/widgets.wp.com\/likes\/?ver=14.5#blog_id=173292096&amp;post_id=73101&amp;origin=vasconet.com.br&amp;obj_id=173292096-73101-67f597241ae84\" data-name=\"like-post-frame-173292096-73101-67f597241ae84\" data-title=\"Curtir ou reblogar\">\n<h3 class=\"sd-title\">Curtir isso:<\/h3>\n<p><span class=\"button\"><span>Curtir<\/span><\/span> <span class=\"loading\">Carregando&#8230;<\/span><\/p>\n<p><span class=\"sd-text-color\"><\/span><\/div>\n<\/p>\n<h3 class=\"jp-relatedposts-headline\"><em>Relacionado<\/em><\/h3>\n<p><!-- CONTENT END 2 -->\n<\/div>\n<p><script async defer crossorigin=\"anonymous\" src=\"https:\/\/connect.facebook.net\/pt_BR\/sdk.js#xfbml=1&amp;version=v12.0&amp;appId=114327694422&amp;autoLogAppEvents=1\" nonce=\"4kp7RAsD\"><\/script><\/p>\n","protected":false},"excerpt":{"rendered":"<p>Adson sente dores no local da cirurgia e n\u00e3o joga nesta 3\u00aa-feira; Jair tamb\u00e9m fica fora dos relacionados \ud835\ude3c\ud835\ude63\ud835\ude56\ud835\ude61\ud835\ude5e\ud835\ude68\ud835\ude56\ud835\ude51\ud835\ude56\ud835\ude68\ud835\ude58\ud835\ude64 @AnalisaCRVG H\u00e1 a chance de que Jair e Adson n\u00e3o sejam relacionados para a partida de hoje, diante do Puerto Cabello. Jair seria por op\u00e7\u00e3o t\u00e9cnica, enquanto Adson seria por problemas f\u00edsicos. O camisa 28 teria &#8230; <a title=\"Adson sente dores no local da cirurgia e n\u00e3o joga nesta 3\u00aa-feira; Jair tamb\u00e9m fica fora dos relacionados\" class=\"read-more\" href=\"https:\/\/palpite.net\/index.php\/2025\/04\/08\/adson-sente-dores-no-local-da-cirurgia-e-nao-joga-nesta-3a-feira-jair-tambem-fica-fora-dos-relacionados\/\" aria-label=\"Read more about Adson sente dores no local da cirurgia e n\u00e3o joga nesta 3\u00aa-feira; Jair tamb\u00e9m fica fora dos relacionados\">Ler mais<\/a><\/p>\n","protected":false},"author":1,"featured_media":0,"comment_status":"","ping_status":"open","sticky":false,"template":"","format":"standard","meta":{"footnotes":""},"categories":[1],"tags":[],"class_list":["post-9066","post","type-post","status-publish","format-standard","hentry","category-blog"],"aioseo_notices":[],"amp_enabled":true,"_links":{"self":[{"href":"https:\/\/palpite.net\/index.php\/wp-json\/wp\/v2\/posts\/9066","targetHints":{"allow":["GET"]}}],"collection":[{"href":"https:\/\/palpite.net\/index.php\/wp-json\/wp\/v2\/posts"}],"about":[{"href":"https:\/\/palpite.net\/index.php\/wp-json\/wp\/v2\/types\/post"}],"author":[{"embeddable":true,"href":"https:\/\/palpite.net\/index.php\/wp-json\/wp\/v2\/users\/1"}],"replies":[{"embeddable":true,"href":"https:\/\/palpite.net\/index.php\/wp-json\/wp\/v2\/comments?post=9066"}],"version-history":[{"count":0,"href":"https:\/\/palpite.net\/index.php\/wp-json\/wp\/v2\/posts\/9066\/revisions"}],"wp:attachment":[{"href":"https:\/\/palpite.net\/index.php\/wp-json\/wp\/v2\/media?parent=9066"}],"wp:term":[{"taxonomy":"category","embeddable":true,"href":"https:\/\/palpite.net\/index.php\/wp-json\/wp\/v2\/categories?post=9066"},{"taxonomy":"post_tag","embeddable":true,"href":"https:\/\/palpite.net\/index.php\/wp-json\/wp\/v2\/tags?post=9066"}],"curies":[{"name":"wp","href":"https:\/\/api.w.org\/{rel}","templated":true}]}}