{"id":9670,"date":"2025-04-20T01:11:54","date_gmt":"2025-04-20T04:11:54","guid":{"rendered":"https:\/\/palpite.net\/index.php\/2025\/04\/20\/carille-e-sincero-e-cobra-o-zagueiro-joao-victor-durante-entrevista-veja\/"},"modified":"2025-04-20T01:11:54","modified_gmt":"2025-04-20T04:11:54","slug":"carille-e-sincero-e-cobra-o-zagueiro-joao-victor-durante-entrevista-veja","status":"publish","type":"post","link":"https:\/\/palpite.net\/index.php\/2025\/04\/20\/carille-e-sincero-e-cobra-o-zagueiro-joao-victor-durante-entrevista-veja\/","title":{"rendered":"Carille \u00e9 sincero e cobra o zagueiro Jo\u00e3o Victor durante entrevista; veja"},"content":{"rendered":"<p><\/p>\n<div>\n<div>\n<p>Carille \u00e9 sincero e cobra o zagueiro Jo\u00e3o Victor durante entrevista; veja<\/p>\n<p>S\u00e1bado, 19\/04\/2025  \u2013 23:29<\/p>\n<div class=\"corpo\">SportsCenter Brasil @SportsCenterBR<\/p>\n<p>Carille sincer\u00e3o sobre Jo\u00e3o Victor! O que achou da declara\u00e7\u00e3o? #FutebolNaESPN<\/p>\n<p>Foto: Leandro Amorim\/ Vasco da Gama\n<\/p>\n<p><center><\/center><\/p>\n<p>Fonte: X SportsCenter Brasil<\/p>\n<\/div>\n<\/div>\n<div class=\"sharedaddy sd-block sd-like jetpack-likes-widget-wrapper jetpack-likes-widget-unloaded\" id=\"like-post-wrapper-173292096-73559-680474f60e9eb\" data-src=\"https:\/\/widgets.wp.com\/likes\/?ver=14.5#blog_id=173292096&amp;post_id=73559&amp;origin=vasconet.com.br&amp;obj_id=173292096-73559-680474f60e9eb\" data-name=\"like-post-frame-173292096-73559-680474f60e9eb\" data-title=\"Curtir ou reblogar\">\n<h3 class=\"sd-title\">Curtir isso:<\/h3>\n<p><span class=\"button\"><span>Curtir<\/span><\/span> <span class=\"loading\">Carregando&#8230;<\/span><\/p>\n<p><span class=\"sd-text-color\"><\/span><\/div>\n<\/p>\n<h3 class=\"jp-relatedposts-headline\"><em>Relacionado<\/em><\/h3>\n<p><!-- CONTENT END 2 -->\n<\/div>\n<p><script async defer crossorigin=\"anonymous\" src=\"https:\/\/connect.facebook.net\/pt_BR\/sdk.js#xfbml=1&amp;version=v12.0&amp;appId=114327694422&amp;autoLogAppEvents=1\" nonce=\"4kp7RAsD\"><\/script><\/p>\n","protected":false},"excerpt":{"rendered":"<p>Carille \u00e9 sincero e cobra o zagueiro Jo\u00e3o Victor durante entrevista; veja S\u00e1bado, 19\/04\/2025 \u2013 23:29 SportsCenter Brasil @SportsCenterBR Carille sincer\u00e3o sobre Jo\u00e3o Victor! O que achou da declara\u00e7\u00e3o? #FutebolNaESPN Foto: Leandro Amorim\/ Vasco da Gama Fonte: X SportsCenter Brasil Curtir isso: Curtir Carregando&#8230; Relacionado<\/p>\n","protected":false},"author":1,"featured_media":0,"comment_status":"","ping_status":"open","sticky":false,"template":"","format":"standard","meta":{"footnotes":""},"categories":[1],"tags":[],"class_list":["post-9670","post","type-post","status-publish","format-standard","hentry","category-blog"],"aioseo_notices":[],"amp_enabled":true,"_links":{"self":[{"href":"https:\/\/palpite.net\/index.php\/wp-json\/wp\/v2\/posts\/9670","targetHints":{"allow":["GET"]}}],"collection":[{"href":"https:\/\/palpite.net\/index.php\/wp-json\/wp\/v2\/posts"}],"about":[{"href":"https:\/\/palpite.net\/index.php\/wp-json\/wp\/v2\/types\/post"}],"author":[{"embeddable":true,"href":"https:\/\/palpite.net\/index.php\/wp-json\/wp\/v2\/users\/1"}],"replies":[{"embeddable":true,"href":"https:\/\/palpite.net\/index.php\/wp-json\/wp\/v2\/comments?post=9670"}],"version-history":[{"count":0,"href":"https:\/\/palpite.net\/index.php\/wp-json\/wp\/v2\/posts\/9670\/revisions"}],"wp:attachment":[{"href":"https:\/\/palpite.net\/index.php\/wp-json\/wp\/v2\/media?parent=9670"}],"wp:term":[{"taxonomy":"category","embeddable":true,"href":"https:\/\/palpite.net\/index.php\/wp-json\/wp\/v2\/categories?post=9670"},{"taxonomy":"post_tag","embeddable":true,"href":"https:\/\/palpite.net\/index.php\/wp-json\/wp\/v2\/tags?post=9670"}],"curies":[{"name":"wp","href":"https:\/\/api.w.org\/{rel}","templated":true}]}}