{"id":9699,"date":"2025-04-20T21:34:09","date_gmt":"2025-04-21T00:34:09","guid":{"rendered":"https:\/\/palpite.net\/index.php\/2025\/04\/20\/leo-jardim-valoriza-o-empate-no-classico-e-aceita-convite-para-participar-de-entrevista-com-romario\/"},"modified":"2025-04-20T21:34:09","modified_gmt":"2025-04-21T00:34:09","slug":"leo-jardim-valoriza-o-empate-no-classico-e-aceita-convite-para-participar-de-entrevista-com-romario","status":"publish","type":"post","link":"https:\/\/palpite.net\/index.php\/2025\/04\/20\/leo-jardim-valoriza-o-empate-no-classico-e-aceita-convite-para-participar-de-entrevista-com-romario\/","title":{"rendered":"L\u00e9o Jardim valoriza o empate no cl\u00e1ssico e aceita convite para participar de entrevista com Rom\u00e1rio"},"content":{"rendered":"<p><\/p>\n<div>\n<p>L\u00e9o Jardim valoriza o empate no cl\u00e1ssico e aceita convite para participar de entrevista com Rom\u00e1rio<\/p>\n<div>O goleiro L\u00e9o Jardim foi o grande destaque do empate entre Vasco e Flamengo no Maracan\u00e3, no \u00faltimo s\u00e1bado pelo Campeonato Brasileiro. Ap\u00f3s o cl\u00e1ssico, L\u00e9o Jardim valorizou o ponto e aceitou o convite de Rom\u00e1rio para uma entrevista \u00e0 \u201cRom\u00e1rioTV\u201d. O Baixinho comentou o cl\u00e1ssico no Amazon Prime Video.<\/p>\n<p>\u2013 Fico feliz de poder ajudar a equipe, acredito que o jogo foi como um cl\u00e1ssico tem que ser. N\u00f3s tivemos oportunidades de fazer gol e eu estou sempre l\u00e1 para quando a equipe precisar. Fico feliz em poder ajudar. \u00c9 claro que quer\u00edamos ganhar, mas \u00e9 um ponto que n\u00e3o podemos desperdi\u00e7ar. Agrade\u00e7o ao Rom\u00e1rio, \u00e9 uma honra. Vamos organizar uma data para participar \u2013 disse L\u00e9o Jardim.\n<\/p>\n<p>Fonte: NETVASCO<\/p>\n<\/div>\n<div class=\"sharedaddy sd-block sd-like jetpack-likes-widget-wrapper jetpack-likes-widget-unloaded\" id=\"like-post-wrapper-173292096-73605-6805936d91520\" data-src=\"https:\/\/widgets.wp.com\/likes\/?ver=14.5#blog_id=173292096&amp;post_id=73605&amp;origin=vasconet.com.br&amp;obj_id=173292096-73605-6805936d91520\" data-name=\"like-post-frame-173292096-73605-6805936d91520\" data-title=\"Curtir ou reblogar\">\n<h3 class=\"sd-title\">Curtir isso:<\/h3>\n<p><span class=\"button\"><span>Curtir<\/span><\/span> <span class=\"loading\">Carregando&#8230;<\/span><\/p>\n<p><span class=\"sd-text-color\"><\/span><\/div>\n<\/p>\n<h3 class=\"jp-relatedposts-headline\"><em>Relacionado<\/em><\/h3>\n<p><!-- CONTENT END 2 -->\n<\/div>\n<p><script async defer crossorigin=\"anonymous\" src=\"https:\/\/connect.facebook.net\/pt_BR\/sdk.js#xfbml=1&amp;version=v12.0&amp;appId=114327694422&amp;autoLogAppEvents=1\" nonce=\"4kp7RAsD\"><\/script><\/p>\n","protected":false},"excerpt":{"rendered":"<p>L\u00e9o Jardim valoriza o empate no cl\u00e1ssico e aceita convite para participar de entrevista com Rom\u00e1rio O goleiro L\u00e9o Jardim foi o grande destaque do empate entre Vasco e Flamengo no Maracan\u00e3, no \u00faltimo s\u00e1bado pelo Campeonato Brasileiro. Ap\u00f3s o cl\u00e1ssico, L\u00e9o Jardim valorizou o ponto e aceitou o convite de Rom\u00e1rio para uma entrevista &#8230; <a title=\"L\u00e9o Jardim valoriza o empate no cl\u00e1ssico e aceita convite para participar de entrevista com Rom\u00e1rio\" class=\"read-more\" href=\"https:\/\/palpite.net\/index.php\/2025\/04\/20\/leo-jardim-valoriza-o-empate-no-classico-e-aceita-convite-para-participar-de-entrevista-com-romario\/\" aria-label=\"Read more about L\u00e9o Jardim valoriza o empate no cl\u00e1ssico e aceita convite para participar de entrevista com Rom\u00e1rio\">Ler mais<\/a><\/p>\n","protected":false},"author":1,"featured_media":0,"comment_status":"","ping_status":"open","sticky":false,"template":"","format":"standard","meta":{"footnotes":""},"categories":[1],"tags":[],"class_list":["post-9699","post","type-post","status-publish","format-standard","hentry","category-blog"],"aioseo_notices":[],"amp_enabled":true,"_links":{"self":[{"href":"https:\/\/palpite.net\/index.php\/wp-json\/wp\/v2\/posts\/9699","targetHints":{"allow":["GET"]}}],"collection":[{"href":"https:\/\/palpite.net\/index.php\/wp-json\/wp\/v2\/posts"}],"about":[{"href":"https:\/\/palpite.net\/index.php\/wp-json\/wp\/v2\/types\/post"}],"author":[{"embeddable":true,"href":"https:\/\/palpite.net\/index.php\/wp-json\/wp\/v2\/users\/1"}],"replies":[{"embeddable":true,"href":"https:\/\/palpite.net\/index.php\/wp-json\/wp\/v2\/comments?post=9699"}],"version-history":[{"count":0,"href":"https:\/\/palpite.net\/index.php\/wp-json\/wp\/v2\/posts\/9699\/revisions"}],"wp:attachment":[{"href":"https:\/\/palpite.net\/index.php\/wp-json\/wp\/v2\/media?parent=9699"}],"wp:term":[{"taxonomy":"category","embeddable":true,"href":"https:\/\/palpite.net\/index.php\/wp-json\/wp\/v2\/categories?post=9699"},{"taxonomy":"post_tag","embeddable":true,"href":"https:\/\/palpite.net\/index.php\/wp-json\/wp\/v2\/tags?post=9699"}],"curies":[{"name":"wp","href":"https:\/\/api.w.org\/{rel}","templated":true}]}}