{"id":9770,"date":"2025-04-22T11:14:34","date_gmt":"2025-04-22T14:14:34","guid":{"rendered":"https:\/\/palpite.net\/index.php\/2025\/04\/22\/vasco-recebe-lanus-de-olho-na-lideranca-do-grupo-g\/"},"modified":"2025-04-22T11:14:34","modified_gmt":"2025-04-22T14:14:34","slug":"vasco-recebe-lanus-de-olho-na-lideranca-do-grupo-g","status":"publish","type":"post","link":"https:\/\/palpite.net\/index.php\/2025\/04\/22\/vasco-recebe-lanus-de-olho-na-lideranca-do-grupo-g\/","title":{"rendered":"Vasco recebe Lan\u00fas de olho na lideran\u00e7a do Grupo G"},"content":{"rendered":"<p><\/p>\n<div wp_automatic_readability=\"60.792664386165\">\n<p>O Vasco entra no gramado de S\u00e3o Janu\u00e1rio, nesta ter\u00e7a-feira (22), pela terceira rodada da Copa Sul-Americana. O Cruz-Maltino encara o Lan\u00fas (Argentina), pelo Grupo G e precisa vencer o advers\u00e1rio mais forte da chave, j\u00e1 que apenas o primeiro colocado se\u00a0classifica\u00a0diretamente \u00e0s oitavas de final da competi\u00e7\u00e3o.\u00a0A <strong>R\u00e1dio Nacional<\/strong> transmite o jogo a partir das 21h15 (hor\u00e1rio de Bras\u00edlia), com narra\u00e7\u00e3o de Andr\u00e9 Marques,\u00a0coment\u00e1rios de Rodrigo Campos, reportagem de Carlos Molinari e o plant\u00e3o de not\u00edcias com\u00a0Jos\u00e9 Roberto Cerqueira.<\/p>\n<p>No momento, Vasco e Lan\u00fas t\u00eam os mesmos quatro pontos. Mas os argentinos lideram pelo crit\u00e9rio do saldo de gols, com dois a mais que a equipe brasileira.<\/p>\n<p>F\u00e1bio Carille, t\u00e9cnico do\u00a0Gigante da Colina defende que o time tenha a mesma concentra\u00e7\u00e3o que mostrou no \u00faltimo s\u00e1bado (19), no Maracan\u00e3, quando empatou sem gols com o Flamengo, pelo Brasileir\u00e3o.<\/p>\n<p><strong>Segunda Rodada da S\u00e9rie D do Campeonato Brasileiro de 2025<\/strong><\/p>\n<p><strong>Volta Redonda x Ferrovi\u00e1ria; onde assistir ao vivo, hor\u00e1rio e escala\u00e7\u00f5es, Palpites; Brasileir\u00e3o S\u00e9rie B 2025<\/strong><\/p>\n<blockquote wp_automatic_readability=\"9\">\n<p>\u201cA gente tem um caminh\u00e3ozinho de areia para descarregar. Sul-Americana, time da Argentina, a gente sabe da rivalidade e precisamos estar inteiros para competir e jogar muito para conseguir um resultado positivo\u201d.<\/p>\n<\/blockquote>\n<p>O volante Hugo Moura destacou a evolu\u00e7\u00e3o da defesa diante do melhor ataque do Brasileir\u00e3o.<\/p>\n<blockquote wp_automatic_readability=\"9\">\n<p>\u201cA gente n\u00e3o tomou gol. Ent\u00e3o \u00e9 um passo muito grande, fruto de um trabalho de pouco tempo de treinamento que a gente tem, porque a gente n\u00e3o tem tempo para treinar. Tudo \u00e9 mais a base de v\u00eddeo e conversa\u201d.<\/p>\n<\/blockquote>\n<p>Titular contra o Rubro-Negro, o jovem atacante Rayan ressalta o\u00a0apoio da torcida nas redes sociais e nas arquibancadas de S\u00e3o Janu\u00e1rio, est\u00e1dio que completou 98 anos na segunda (21). Todos os ingressos para a partida est\u00e3o esgotados e a previs\u00e3o \u00e9 de quase 20 mil torcedores na noite de ter\u00e7a (22).<\/p>\n<p><strong>Atl\u00e9tico-GO x Cuiab\u00e1; onde assistir ao vivo, hor\u00e1rio e escala\u00e7\u00f5es, Palpites; Brasileir\u00e3o S\u00e9rie B 2025<\/strong><\/p>\n<p><strong>Classifica\u00e7\u00e3o Kings League Brazil, Furia bate G3X lidera ap\u00f3s 5\u00aa rodada<\/strong><\/p>\n<blockquote wp_automatic_readability=\"10\">\n<p>\u201c\u00c9 nosso 12\u00ba jogador! Vai ser muito muito importante, eles estarem l\u00e1 nos apoiando, cantando, e se Deus quiser, vamos sair vitoriosos\u201d.<\/p>\n<\/blockquote>\n<p>O Lan\u00fas vem de empate contra o Banfield (1 a 1) no Campeonato Argentino, no qual faz uma campanha mediana. O t\u00e9cnico Mauricio Pellegrino tem alguns desfalques e tamb\u00e9m sofre press\u00e3o\u00a0por melhores resultados.<\/p>\n<p>\u00a0A arbitragem do duelo Vasco x Lan\u00fas ser\u00e1 boliviana: o juiz\u00a0principal ser\u00e1 Gery Vargas e o auxiliar Wilfredo Campos.<\/p>\n<\/div>\n","protected":false},"excerpt":{"rendered":"<p>O Vasco entra no gramado de S\u00e3o Janu\u00e1rio, nesta ter\u00e7a-feira (22), pela terceira rodada da Copa Sul-Americana. O Cruz-Maltino encara o Lan\u00fas (Argentina), pelo Grupo G e precisa vencer o advers\u00e1rio mais forte da chave, j\u00e1 que apenas o primeiro colocado se\u00a0classifica\u00a0diretamente \u00e0s oitavas de final da competi\u00e7\u00e3o.\u00a0A R\u00e1dio Nacional transmite o jogo a partir &#8230; <a title=\"Vasco recebe Lan\u00fas de olho na lideran\u00e7a do Grupo G\" class=\"read-more\" href=\"https:\/\/palpite.net\/index.php\/2025\/04\/22\/vasco-recebe-lanus-de-olho-na-lideranca-do-grupo-g\/\" aria-label=\"Read more about Vasco recebe Lan\u00fas de olho na lideran\u00e7a do Grupo G\">Ler mais<\/a><\/p>\n","protected":false},"author":1,"featured_media":0,"comment_status":"","ping_status":"open","sticky":false,"template":"","format":"standard","meta":{"footnotes":""},"categories":[2],"tags":[],"class_list":["post-9770","post","type-post","status-publish","format-standard","hentry","category-noticias"],"aioseo_notices":[],"amp_enabled":true,"_links":{"self":[{"href":"https:\/\/palpite.net\/index.php\/wp-json\/wp\/v2\/posts\/9770","targetHints":{"allow":["GET"]}}],"collection":[{"href":"https:\/\/palpite.net\/index.php\/wp-json\/wp\/v2\/posts"}],"about":[{"href":"https:\/\/palpite.net\/index.php\/wp-json\/wp\/v2\/types\/post"}],"author":[{"embeddable":true,"href":"https:\/\/palpite.net\/index.php\/wp-json\/wp\/v2\/users\/1"}],"replies":[{"embeddable":true,"href":"https:\/\/palpite.net\/index.php\/wp-json\/wp\/v2\/comments?post=9770"}],"version-history":[{"count":0,"href":"https:\/\/palpite.net\/index.php\/wp-json\/wp\/v2\/posts\/9770\/revisions"}],"wp:attachment":[{"href":"https:\/\/palpite.net\/index.php\/wp-json\/wp\/v2\/media?parent=9770"}],"wp:term":[{"taxonomy":"category","embeddable":true,"href":"https:\/\/palpite.net\/index.php\/wp-json\/wp\/v2\/categories?post=9770"},{"taxonomy":"post_tag","embeddable":true,"href":"https:\/\/palpite.net\/index.php\/wp-json\/wp\/v2\/tags?post=9770"}],"curies":[{"name":"wp","href":"https:\/\/api.w.org\/{rel}","templated":true}]}}